{"id":127291,"date":"2021-09-16T15:18:02","date_gmt":"2021-09-16T19:18:02","guid":{"rendered":"https:\/\/linitiative.ca\/International\/biosphere-deux-pays-africains-rejoignent-le-reseau-de-lunesco\/"},"modified":"2021-09-16T15:18:02","modified_gmt":"2021-09-16T19:18:02","slug":"biosphere-deux-pays-africains-rejoignent-le-reseau-de-lunesco","status":"publish","type":"post","link":"https:\/\/linitiative.ca\/International\/biosphere-deux-pays-africains-rejoignent-le-reseau-de-lunesco\/","title":{"rendered":"Biosph\u00e8re : deux pays africains rejoignent le r\u00e9seau de l\u2019Unesco"},"content":{"rendered":"<div>\n<p><img loading=\"lazy\" decoding=\"async\" width=\"512\" height=\"389\" src=\"https:\/\/linitiative.ca\/International\/wp-content\/uploads\/sites\/23\/2021\/09\/16318198829631.jpg\" class=\"attachment-post-thumbnail size-post-thumbnail wp-post-image\" alt=\"\" srcset=\"https:\/\/linitiative.ca\/International\/wp-content\/uploads\/sites\/23\/2021\/09\/16318198829631.jpg 512w, https:\/\/www.journalducameroun.com\/wp-content\/uploads\/2021\/09\/16318198829631-300x228.jpg 300w\" sizes=\"auto, (max-width: 512px) 100vw, 512px\"><\/p>\n<p>Le Programme sur l&rsquo;Homme et la biosph\u00e8re (MAB) de l&rsquo;Unesco a ajout\u00e9, jeudi, les sites de Mat\u0161eng (Lesotho) et d&rsquo;Ashaafean (Libye) au R\u00e9seau mondial de r\u00e9serves de biosph\u00e8re.Le Lesotho et la Libye font leur entr\u00e9e dans le r\u00e9seau MAB. L&rsquo;Unesco vient en effet de d\u00e9signer deux de leurs sites comme r\u00e9serve de biosph\u00e8re. Il s&rsquo;agit respectivement des localit\u00e9s de Mat\u0161eng et d&rsquo;Ashaafean.<\/p>\n<p>Premi\u00e8re r\u00e9serve de biosph\u00e8re du pays, le Mat\u0161eng couvre une superficie de 112 033 ha dans les hauts plateaux du nord du Lesotho. Il est parfois d\u00e9nomm\u00e9 le Royaume dans le ciel, en raison de la hauteur des monts Drakensberg-Maloti. Il maintient un \u00e9cosyst\u00e8me naturel, peu perturb\u00e9, avec des niveaux \u00e9lev\u00e9s d&rsquo;end\u00e9misme et des traits naturels saisissants, notamment les derni\u00e8res for\u00eats indig\u00e8nes du Lesotho.<\/p>\n<p>Ce site est une zone d&rsquo;oiseaux end\u00e9miques de haute priorit\u00e9, avec des esp\u00e8ces telles que le serin de Symons (Crithagra symonsi).<\/p>\n<p>L&rsquo;agriculture de subsistance et l&rsquo;\u00e9levage (bovins, moutons et ch\u00e8vres pour la laine et le mohair, chevaux pour le transport et \u00e2nes comme b\u00eates de somme) repr\u00e9sentent les principales activit\u00e9s \u00e9conomiques de cette r\u00e9serve de biosph\u00e8re.<\/p>\n<p>Plusieurs cultures et l\u00e9gumes sont produits dans les petites exploitations pour compl\u00e9ter les revenus et les besoins alimentaires des agriculteurs.<\/p>\n<p>Il est pr\u00e9vu d&rsquo;encourager une \u00e9conomie dynamique de la biodiversit\u00e9 dans la biosph\u00e8re, bas\u00e9e sur une agriculture raisonn\u00e9e et un \u00e9cotourisme culturel et naturel. Cela d&rsquo;autant plus attrayant que les panoramas montagneux sont impressionnants et que les sentiers sont propices \u00e0 la randonn\u00e9e et au trekking \u00e0 dos de poney.<\/p>\n<p>Situ\u00e9e dans la partie nord-est des montagnes Nafusa, Ashaafean est la premi\u00e8re r\u00e9serve de biosph\u00e8re en Libye. Sa r\u00e9gion montagneuse biog\u00e9ographique m\u00e9diterran\u00e9enne pr\u00e9sente une grande vari\u00e9t\u00e9 d&rsquo;habitats comprenant des for\u00eats s\u00e8ches et des prairies steppiques au nord ainsi que des zones m\u00e9ridionales hyperarides dans le d\u00e9sert du Sahara.<\/p>\n<p>Prot\u00e9g\u00e9e par d\u00e9cret gouvernemental depuis 1978, l&rsquo;aire centrale de 83 060 ha de la r\u00e9serve de biosph\u00e8re abrite une vari\u00e9t\u00e9 d&rsquo;esp\u00e8ces rares, notamment des plantes m\u00e9dicinales et aromatiques ainsi que des esp\u00e8ces de faune menac\u00e9es telles que l&rsquo;hy\u00e8ne ray\u00e9e (Hyaena hyaena), la tortue terrestre (Testudo graeca) et l&rsquo;outarde houbara (Chlamydotis undulata).<\/p>\n<p>Cette zone constitue une plateforme de recherche et de formation pour les \u00e9tudiants universitaires travaillant sur la conservation de la biodiversit\u00e9 et le d\u00e9veloppement durable. La plupart des 65 000 habitants de cette r\u00e9serve de biosph\u00e8re vivent de l&rsquo;agriculture traditionnelle durable, de la collecte de bois et de l&rsquo;apiculture. La r\u00e9gion est connue pour la qualit\u00e9 de ses olives et de son huile.<\/p>\n<p>Le MAB de l&rsquo;Unesco a ajout\u00e9 aujourd&rsquo;hui 20 nouveaux sites, situ\u00e9s dans 21 pays, au R\u00e9seau mondial de r\u00e9serves de biosph\u00e8re, qui compte d\u00e9sormais 727 r\u00e9serves de biosph\u00e8re, dont 22 sites transfrontaliers, dans 131 pays.<\/p>\n<p>Les r\u00e9serves de biosph\u00e8re de l&rsquo;Unesco, o\u00f9 se conjuguent conservation de la biodiversit\u00e9, \u00e9ducation environnementale et recherche et d\u00e9veloppement durable, couvrent d\u00e9sormais plus de 5 % de la surface terrestre.<\/p>\n<p>De nouvelles r\u00e9serves de biosph\u00e8re sont d\u00e9sign\u00e9es chaque ann\u00e9e par l&rsquo;organe directeur du programme MAB, le Conseil international de coordination, qui est compos\u00e9 de 34 \u00c9tats membres \u00e9lus par rotation.<\/p>\n<p>Cr\u00e9\u00e9 par l&rsquo;Unesco en 1971 en tant que programme scientifique intergouvernemental, le Programme sur l&rsquo;Homme et la biosph\u00e8re est, depuis 50 ans, le pionnier des id\u00e9es de conservation de la biodiversit\u00e9 et de d\u00e9veloppement durable.<\/p>\n<p>Cet article <a rel=\"nofollow\" href=\"https:\/\/www.journalducameroun.com\/biosphere-deux-pays-africains-rejoignent-le-reseau-de-lunesco\/\">Biosph\u00e8re : deux pays africains rejoignent le r\u00e9seau de l\u2019Unesco<\/a> est apparu en premier sur <a rel=\"nofollow\" href=\"https:\/\/www.journalducameroun.com\/\">Journal du Cameroun<\/a>.<\/p>\n<\/div>\n<p>Auteur: APA News<br \/>\n<a href=\"https:\/\/www.journalducameroun.com\/biosphere-deux-pays-africains-rejoignent-le-reseau-de-lunesco\/\">Cliquez ici pour lire l&rsquo;article depuis sa source.<\/a><\/p>\n","protected":false},"excerpt":{"rendered":"<p>Le Programme sur l&rsquo;Homme et la biosph\u00e8re (MAB) de l&rsquo;Unesco a ajout\u00e9, jeudi, les sites de Mat\u0161eng (Lesotho) et d&rsquo;Ashaafean (Libye) au R\u00e9seau mondial de r\u00e9serves de biosph\u00e8re.Le Lesotho et la Libye font leur entr\u00e9e dans le r\u00e9seau MAB. L&rsquo;Unesco vient en effet de d\u00e9signer deux de leurs sites comme r\u00e9serve de biosph\u00e8re. Il s&rsquo;agit [&hellip;]<\/p>\n","protected":false},"author":1965,"featured_media":0,"comment_status":"closed","ping_status":"closed","sticky":false,"template":"","format":"standard","meta":{"fifu_image_url":"https:\/\/www.journalducameroun.com\/wp-content\/uploads\/2021\/09\/16318198829631.jpg","fifu_image_alt":"Biosph\u00e8re : deux pays africains rejoignent le r\u00e9seau de l\u2019Unesco","footnotes":""},"categories":[73,82],"tags":[],"class_list":["post-127291","post","type-post","status-publish","format-standard","hentry","category-actualite","category-cameroun"],"_links":{"self":[{"href":"https:\/\/linitiative.ca\/International\/wp-json\/wp\/v2\/posts\/127291","targetHints":{"allow":["GET"]}}],"collection":[{"href":"https:\/\/linitiative.ca\/International\/wp-json\/wp\/v2\/posts"}],"about":[{"href":"https:\/\/linitiative.ca\/International\/wp-json\/wp\/v2\/types\/post"}],"author":[{"embeddable":true,"href":"https:\/\/linitiative.ca\/International\/wp-json\/wp\/v2\/users\/1965"}],"replies":[{"embeddable":true,"href":"https:\/\/linitiative.ca\/International\/wp-json\/wp\/v2\/comments?post=127291"}],"version-history":[{"count":0,"href":"https:\/\/linitiative.ca\/International\/wp-json\/wp\/v2\/posts\/127291\/revisions"}],"wp:attachment":[{"href":"https:\/\/linitiative.ca\/International\/wp-json\/wp\/v2\/media?parent=127291"}],"wp:term":[{"taxonomy":"category","embeddable":true,"href":"https:\/\/linitiative.ca\/International\/wp-json\/wp\/v2\/categories?post=127291"},{"taxonomy":"post_tag","embeddable":true,"href":"https:\/\/linitiative.ca\/International\/wp-json\/wp\/v2\/tags?post=127291"}],"curies":[{"name":"wp","href":"https:\/\/api.w.org\/{rel}","templated":true}]}}