{"id":127294,"date":"2021-09-16T13:07:29","date_gmt":"2021-09-16T17:07:29","guid":{"rendered":"https:\/\/linitiative.ca\/International\/protection-de-lenvironnement-lautorite-du-bassin-du-niger-dresse-son-bilan-a-mi-parcours\/"},"modified":"2021-09-16T13:07:29","modified_gmt":"2021-09-16T17:07:29","slug":"protection-de-lenvironnement-lautorite-du-bassin-du-niger-dresse-son-bilan-a-mi-parcours","status":"publish","type":"post","link":"https:\/\/linitiative.ca\/International\/protection-de-lenvironnement-lautorite-du-bassin-du-niger-dresse-son-bilan-a-mi-parcours\/","title":{"rendered":"Protection de l\u2019environnement : l\u2019autorit\u00e9 du Bassin du Niger dresse son bilan \u00e0 mi-parcours"},"content":{"rendered":"<div>\n<p>Depuis le 12 septembre et ce jusqu\u2019au 17, se tient \u00e0 Yaound\u00e9, la session 2021 du Comit\u00e9 R\u00e9gional de Pilotage (CRP) des Etats membres de l\u2019Autorit\u00e9 du Bassin du Niger (ABN), et deux ateliers r\u00e9gionaux dont l\u2019un sur la validation de l\u2019annexe 5 de la Charte de l\u2019Eau sur les ouvrages d\u2019int\u00e9r\u00eat commun et l\u2019autre relatif \u00e0 la validation du statut du personnel de l\u2019institution.<\/p>\n<p>Les travaux lanc\u00e9s officiellement le 13 septembre, ont pour objectif de passer en revue le bilan des r\u00e9alisations de 2021 et \u00e0 examiner le plan d\u2019action 2022 de projets et programmes. \u00ab Le premier atelier est relatif \u00e0 l\u2019examen annuel sur les projets et programmes qui sont ex\u00e9cut\u00e9s par le secr\u00e9tariat ex\u00e9cutif et les partenaires\u2026L\u2019on examine aussi le budget et les contraintes budg\u00e9taires pour arr\u00eater des actions qui vont avec les capacit\u00e9s budg\u00e9taires de l\u2019ensemble des projets \u00bb, confie Abderahim Bir\u00e9m\u00e9 Hamid, Secr\u00e9taire g\u00e9n\u00e9ral de l\u2019Autorit\u00e9 du Bassin du Niger.<\/p>\n<p>De plus les discussions sur les ateliers de validation de l\u2019annexe 5 de la Charte de l\u2019Eau sur les ouvrages d\u2019int\u00e9r\u00eat commun et celui relatif \u00e0 la validation du statut du personnel de l\u2019institution devront permettre \u00e0 terme respectivement de r\u00e9gler les questions juridiques des grandes infrastructures, dont les barrages pour d\u2019aboutir \u00e0 un accord consensuel des structures focales nationales et des repr\u00e9sentants des Etats. Et aussi \u00e0 la pr\u00e9sentation du rapport d\u2019audit sur l\u2019analyse du statut du personnel en vue de son adoption, car le statut actuel qui date de 2005, comporte des lacunes.<\/p>\n<p>Par ailleurs, les projets et programmes sus-\u00e9voqu\u00e9s sont au nombre de 5. Il s\u2019agit du Projet de d\u00e9veloppement des ressources en eau et de gestion durable des \u00e9cosyst\u00e8mes dans le bassin du Niger, du Projet d\u2019appui \u00e0 la gestion des eaux souterraines, le Projet d\u2019appui \u00e0 l\u2019ABN avec les composantes Nexus et Frexus, le Projet \u00ab IIIumeden-Taoudeni\/Tanezrouft Aquifer System \u00bb, ainsi que le Programme int\u00e9gr\u00e9 de d\u00e9veloppement et d\u2019adaptation au changement climatique. Figure aussi \u00e0 l\u2019ordre du jour de ces travaux de six jours, des \u00e9changes sur les projets de construction de certains barrages structurants, tels que Fomi (Guin\u00e9e Conakry), Kandadji (Niger) et Taoussa (Mali), ainsi que sur les barrages fonctionnels de Lagdo (Cameroun), Jebba (Niger) et Kainji (Nig\u00e9ria).<\/p>\n<p>En rappel, c\u2019est en 1964 qu\u2019a \u00e9t\u00e9 cr\u00e9\u00e9e, l\u2019Autorit\u00e9 du Bassin du Niger (ABN). L\u2019organisation intergouvernementale africaine regroupe en son sein 9 Etats : le Cameroun, le Benin, le Burkina-Faso, la C\u00f4te d\u2019Ivoire, la Guin\u00e9e Conakry, le Mali, le Niger, le Nig\u00e9ria et le Tchad. Elle a pour r\u00f4le de promouvoir la coop\u00e9ration entre ces Etats et d\u2019assurer le d\u00e9veloppement int\u00e9gr\u00e9 du bassin du Niger.<\/p>\n<p>L\u2019article <a rel=\"nofollow\" href=\"https:\/\/ecomatin.net\/protection-de-lenvironnement-lautorite-du-bassin-du-niger-dresse-son-bilan-a-mi-parcours\/\">Protection de l\u2019environnement : l\u2019autorit\u00e9 du Bassin du Niger dresse son bilan \u00e0 mi-parcours<\/a> est apparu en premier sur <a rel=\"nofollow\" href=\"https:\/\/ecomatin.net\/\">EcoMatin<\/a>.<\/p>\n<\/div>\n<p>Auteur: Cindy MBALA<br \/>\n<a href=\"https:\/\/ecomatin.net\/protection-de-lenvironnement-lautorite-du-bassin-du-niger-dresse-son-bilan-a-mi-parcours\/\">Cliquez ici pour lire l&rsquo;article depuis sa source.<\/a><\/p>\n","protected":false},"excerpt":{"rendered":"<p>Depuis le 12 septembre et ce jusqu\u2019au 17, se tient \u00e0 Yaound\u00e9, la session 2021 du Comit\u00e9 R\u00e9gional de Pilotage (CRP) des Etats membres de l\u2019Autorit\u00e9 du Bassin du Niger (ABN), et deux ateliers r\u00e9gionaux dont l\u2019un sur la validation de l\u2019annexe 5 de la Charte de l\u2019Eau sur les ouvrages d\u2019int\u00e9r\u00eat commun et l\u2019autre [&hellip;]<\/p>\n","protected":false},"author":1969,"featured_media":0,"comment_status":"closed","ping_status":"closed","sticky":false,"template":"","format":"standard","meta":{"fifu_image_url":"","fifu_image_alt":"","footnotes":""},"categories":[82,78],"tags":[],"class_list":["post-127294","post","type-post","status-publish","format-standard","hentry","category-cameroun","category-economie"],"_links":{"self":[{"href":"https:\/\/linitiative.ca\/International\/wp-json\/wp\/v2\/posts\/127294","targetHints":{"allow":["GET"]}}],"collection":[{"href":"https:\/\/linitiative.ca\/International\/wp-json\/wp\/v2\/posts"}],"about":[{"href":"https:\/\/linitiative.ca\/International\/wp-json\/wp\/v2\/types\/post"}],"author":[{"embeddable":true,"href":"https:\/\/linitiative.ca\/International\/wp-json\/wp\/v2\/users\/1969"}],"replies":[{"embeddable":true,"href":"https:\/\/linitiative.ca\/International\/wp-json\/wp\/v2\/comments?post=127294"}],"version-history":[{"count":0,"href":"https:\/\/linitiative.ca\/International\/wp-json\/wp\/v2\/posts\/127294\/revisions"}],"wp:attachment":[{"href":"https:\/\/linitiative.ca\/International\/wp-json\/wp\/v2\/media?parent=127294"}],"wp:term":[{"taxonomy":"category","embeddable":true,"href":"https:\/\/linitiative.ca\/International\/wp-json\/wp\/v2\/categories?post=127294"},{"taxonomy":"post_tag","embeddable":true,"href":"https:\/\/linitiative.ca\/International\/wp-json\/wp\/v2\/tags?post=127294"}],"curies":[{"name":"wp","href":"https:\/\/api.w.org\/{rel}","templated":true}]}}