{"id":127298,"date":"2021-09-17T09:00:57","date_gmt":"2021-09-17T13:00:57","guid":{"rendered":"https:\/\/linitiative.ca\/International\/le-maroc-consacre-45-de-son-pib-a-la-protection-sociale-hors-sante\/"},"modified":"2021-09-17T09:00:57","modified_gmt":"2021-09-17T13:00:57","slug":"le-maroc-consacre-45-de-son-pib-a-la-protection-sociale-hors-sante","status":"publish","type":"post","link":"https:\/\/linitiative.ca\/International\/le-maroc-consacre-45-de-son-pib-a-la-protection-sociale-hors-sante\/","title":{"rendered":"Le Maroc consacre 4,5% de son PIB \u00e0 la protection sociale (hors sant\u00e9)"},"content":{"rendered":"<div>\n<p><img decoding=\"async\" width=\"300\" height=\"153\" src=\"https:\/\/linitiative.ca\/International\/wp-content\/uploads\/sites\/23\/2021\/09\/illustration-assurances-Fammile-300x153-1.jpg\" class=\"attachment-medium size-medium wp-post-image\" alt=\"\" loading=\"lazy\" srcset=\"\/\/aujourdhui.ma\/wp-content\/uploads\/2018\/02\/illustration-assurances-Fammile-300x153.jpg 300w, \/\/aujourdhui.ma\/wp-content\/uploads\/2018\/02\/illustration-assurances-Fammile.jpg 746w\" sizes=\"auto, (max-width: 300px) 100vw, 300px\"><\/p>\n<p><span style=\"color: #800000; font-size: 18px;\"><strong>Seulement 46,9% de la population mondiale b\u00e9n\u00e9ficie d\u2019au moins une prestation de protection sociale tandis que les 53,1% restants -soit pas moins de 4,1 milliards de personnes- ne disposent d\u2019aucune protection.<\/strong><\/span><span id=\"more-386934\"><\/span><\/p>\n<p>C\u2019est ce que r\u00e9v\u00e8le l\u2019Organisation internationale du travail (OIT) dans un nouveau rapport mondial sur la protection sociale 2020-2022. Les donn\u00e9es concernant le Maroc montrent que des efforts importants doivent \u00eatre men\u00e9s pour parvenir \u00e0 la g\u00e9n\u00e9ralisation de la couverture sociale. Selon le rapport, seulement 20,5% de la population marocaine est couverte par au moins une prestation de protection sociale (hors sant\u00e9, c\u2019est-\u00e0- dire sans compter les soins de sant\u00e9 et les prestations de maladie). Il est important de noter \u00e0 ce sujet que le taux de couverture en Afrique du Nord est de 33,8% et de 17,4% pour le continent africain. En Afrique du Nord, 3 pays devancent le Maroc, \u00e0 savoir la Tunisie avec un taux de couverture de 50,2%, suivie de la Libye (46,2%) et l\u2019Egypte (34,7%). L\u2019OIT ne dispose d\u2019aucune donn\u00e9e concernant l\u2019Alg\u00e9rie. Pour ce qui est du Soudan, seulement 9,3% de la population est couverte par au moins une prestation de protection sociale. Il faut bien entendre que la population couverte par au moins une prestation de protection sociale (couverture effective) signifie la proportion de la population totale qui b\u00e9n\u00e9ficie d\u2019au moins une prestation en esp\u00e8ces contributive ou non contributive, ou cotise activement \u00e0 au moins un r\u00e9gime de s\u00e9curit\u00e9 sociale.<\/p>\n<p>Par ailleurs, la grande majorit\u00e9 des enfants au Maroc ne b\u00e9n\u00e9ficie pas d\u2019une couverture sociale effective. En effet, la proportion d\u2019enfants couverts par des prestations de protection sociale n\u2019est que de 13,4%. Au niveau mondial, seuls 26,4% d\u2019entre eux ont droit \u00e0 des prestations de protection sociale. Leur niveau de couverture effective est particuli\u00e8rement faible dans certaines r\u00e9gions : 18% en Asie-Pacifique, 15,4% dans les \u00c9tats arabes et 12,6% en Afrique. Le rapport r\u00e9v\u00e8le \u00e9galement qu\u2019au Maroc, le taux de couverture n\u2019est que de 6,8% pour les personnes pr\u00e9sentant un handicap lourd. Il est de 23,4% pour les personnes \u00e2g\u00e9es, 39% pour les travailleurs en cas d\u2019accident du travail et 17,2% pour la population active couverte par le r\u00e9gime de retraite (cotisants actifs). S\u2019agissant de la couverture sanitaire universelle, le Maroc affiche un taux de seulement 7% au m\u00eame titre que la Tunisie. Quant aux d\u00e9penses publiques pour les syst\u00e8mes de protection sociale, le Maroc leur consacre 4,5% de son PIB (hors sant\u00e9), contre 7,7% en Afrique du Nord, 3,8% en Afrique et 12,9% dans le monde. Pour les d\u00e9penses publiques destin\u00e9es \u00e0 la sant\u00e9, le Maroc d\u00e9pense 2,1% du PIB, contre 2,4% en Afrique du Nord, 2% en Afrique et 5,8% dans le monde.<\/p>\n<p>Dans ce rapport, l\u2019OIT fait remarquer que les lacunes en mati\u00e8re de couverture, d\u2019exhaustivit\u00e9 et d\u2019ad\u00e9quation des syst\u00e8mes de protection sociale sont li\u00e9es \u00e0 un sous-investissement notable, notamment en Afrique, en Asie et dans les \u00c9tats arabes. Les pays consacrent en moyenne 12,9% de leur PIB \u00e0 la protection sociale (hors sant\u00e9), mais ce chiffre masque des \u00e9carts consid\u00e9rables. Ces d\u00e9penses repr\u00e9sentent en moyenne 16,4% du PIB dans les pays \u00e0 revenu \u00e9lev\u00e9, soit deux fois plus que dans les pays \u00e0 revenu interm\u00e9diaire de la tranche sup\u00e9rieure (8%), six fois plus que dans les pays \u00e0 revenu interm\u00e9diaire de la tranche inf\u00e9rieure (2,5%) et quinze fois plus que dans les pays \u00e0 faible revenu (1,1%). Toujours selon le rapport, le d\u00e9ficit de financement pour la mise en place de socles de protection sociale s\u2019est creus\u00e9 d\u2019environ 30% depuis le d\u00e9but de la crise de Covid-19, en raison de l\u2019augmentation des besoins en services de sant\u00e9, des mesures de soutien du revenu et du recul du PIB provoqu\u00e9 par la crise.<\/p>\n<p>L\u2019OIT estime que pour garantir au moins une couverture de protection sociale de base, les pays \u00e0 faible revenu devraient investir 77,9 milliards de dollars suppl\u00e9mentaires par an, les pays \u00e0 revenu interm\u00e9diaire inf\u00e9rieur 362,9 milliards de dollars suppl\u00e9mentaires et les pays \u00e0 revenu interm\u00e9diaire sup\u00e9rieur 750,8 milliards de dollars de plus par an. Cela \u00e9quivaut, respectivement, \u00e0 15,9 ; 5,1 et 3,1% de leur PIB.<\/p>\n<\/div>\n<p>Auteur: ALM<br \/>\n<a href=\"https:\/\/aujourdhui.ma\/societe\/le-maroc-consacre-45-de-son-pib-a-la-protection-sociale-hors-sante\">Cliquez ici pour lire l&rsquo;article depuis sa source.<\/a><\/p>\n","protected":false},"excerpt":{"rendered":"<p>Seulement 46,9% de la population mondiale b\u00e9n\u00e9ficie d\u2019au moins une prestation de protection sociale tandis que les 53,1% restants -soit pas moins de 4,1 milliards de personnes- ne disposent d\u2019aucune protection. C\u2019est ce que r\u00e9v\u00e8le l\u2019Organisation internationale du travail (OIT) dans un nouveau rapport mondial sur la protection sociale 2020-2022. Les donn\u00e9es concernant le Maroc [&hellip;]<\/p>\n","protected":false},"author":1759,"featured_media":0,"comment_status":"closed","ping_status":"closed","sticky":false,"template":"","format":"standard","meta":{"fifu_image_url":"https:\/\/aujourdhui.ma\/wp-content\/uploads\/2018\/02\/illustration-assurances-Fammile-300x153.jpg","fifu_image_alt":"Le Maroc consacre 4,5% de son PIB \u00e0 la protection sociale (hors sant\u00e9)","footnotes":""},"categories":[73,54],"tags":[],"class_list":["post-127298","post","type-post","status-publish","format-standard","hentry","category-actualite","category-maroc"],"_links":{"self":[{"href":"https:\/\/linitiative.ca\/International\/wp-json\/wp\/v2\/posts\/127298","targetHints":{"allow":["GET"]}}],"collection":[{"href":"https:\/\/linitiative.ca\/International\/wp-json\/wp\/v2\/posts"}],"about":[{"href":"https:\/\/linitiative.ca\/International\/wp-json\/wp\/v2\/types\/post"}],"author":[{"embeddable":true,"href":"https:\/\/linitiative.ca\/International\/wp-json\/wp\/v2\/users\/1759"}],"replies":[{"embeddable":true,"href":"https:\/\/linitiative.ca\/International\/wp-json\/wp\/v2\/comments?post=127298"}],"version-history":[{"count":0,"href":"https:\/\/linitiative.ca\/International\/wp-json\/wp\/v2\/posts\/127298\/revisions"}],"wp:attachment":[{"href":"https:\/\/linitiative.ca\/International\/wp-json\/wp\/v2\/media?parent=127298"}],"wp:term":[{"taxonomy":"category","embeddable":true,"href":"https:\/\/linitiative.ca\/International\/wp-json\/wp\/v2\/categories?post=127298"},{"taxonomy":"post_tag","embeddable":true,"href":"https:\/\/linitiative.ca\/International\/wp-json\/wp\/v2\/tags?post=127298"}],"curies":[{"name":"wp","href":"https:\/\/api.w.org\/{rel}","templated":true}]}}