{"id":127302,"date":"2021-09-17T10:00:43","date_gmt":"2021-09-17T14:00:43","guid":{"rendered":"https:\/\/linitiative.ca\/International\/tiznit-le-projet-de-la-faculte-de-management-se-concretise\/"},"modified":"2021-09-17T10:00:43","modified_gmt":"2021-09-17T14:00:43","slug":"tiznit-le-projet-de-la-faculte-de-management-se-concretise","status":"publish","type":"post","link":"https:\/\/linitiative.ca\/International\/tiznit-le-projet-de-la-faculte-de-management-se-concretise\/","title":{"rendered":"Tiznit : Le projet de la Facult\u00e9 de management se concr\u00e9tise"},"content":{"rendered":"<div>\n<p><img decoding=\"async\" width=\"300\" height=\"153\" src=\"https:\/\/linitiative.ca\/International\/wp-content\/uploads\/sites\/23\/2021\/09\/Tiznit-300x153-1.jpg\" class=\"attachment-medium size-medium wp-post-image\" alt=\"\" loading=\"lazy\" srcset=\"\/\/aujourdhui.ma\/wp-content\/uploads\/2021\/05\/Tiznit-300x153.jpg 300w, \/\/aujourdhui.ma\/wp-content\/uploads\/2021\/05\/Tiznit-274x140.jpg 274w, \/\/aujourdhui.ma\/wp-content\/uploads\/2021\/05\/Tiznit.jpg 746w, \/\/aujourdhui.ma\/wp-content\/uploads\/2021\/05\/Tiznit-165x84.jpg 165w, \/\/aujourdhui.ma\/wp-content\/uploads\/2021\/05\/Tiznit-702x358.jpg 702w\" sizes=\"auto, (max-width: 300px) 100vw, 300px\"><\/p>\n<p><span style=\"color: #800000;\"><strong>Les travaux de construction ont \u00e9t\u00e9 lanc\u00e9s par l\u2019Universit\u00e9 Ibn Zohr d\u2019Agadir<\/strong><\/span><span id=\"more-386940\"><\/span><\/p>\n<p>Tr\u00e8s attendu par les \u00e9tudiants de la ville de Tiznit, la Facult\u00e9 d\u2019\u00e9conomie, de management et du d\u00e9veloppement durable de Tiznit (FEMDD) se concr\u00e9tisera bient\u00f4t. Elle vient de faire l\u2019objet d\u2019un appel d\u2019offres publi\u00e9 par l\u2019Universit\u00e9 Ibn Zohr d\u2019Agadir en tant que ma\u00eetre d\u2019ouvrage. Les travaux de construction de cette nouvelle structure p\u00e9dagogique devront co\u00fbter 49 millions de dirhams, alors que l\u2019ouverture des plis est pr\u00e9vue pour le 5 octobre. Le terrain destin\u00e9 \u00e0 recevoir la FEMDD appartient aux Eaux et For\u00eats et se situe dans la for\u00eat de Moano sur la route d\u2019Aglou. Il est d\u2019une superficie totale de 40 ha. Celle- ci sera \u00e9difi\u00e9e sur 4 ha.<\/p>\n<p>Cet \u00e9tablissement est le fruit d\u2019un partenariat entre le minist\u00e8re de tutelle, le Conseil urbain et le Conseil provincial de la province de Tiznit et la Direction des eaux et for\u00eats. Il fait partie de l\u2019ambitieux projet \u00abVillage de la connaissance\u00bb port\u00e9 par l\u2019Universit\u00e9 Ibn Zohr d\u2019Agadir avec ses partenaires locaux. Ainsi, celle-ci vient pour accompagner les diff\u00e9rentes r\u00e9formes que conna\u00eet le secteur de la formation et de l\u2019\u00e9ducation, relatives \u00e0 la d\u00e9centralisation et la cr\u00e9ation d\u2019entit\u00e9s universitaires r\u00e9pondant en mati\u00e8re de formation aux besoins r\u00e9gionaux. En effet, le projet de cr\u00e9ation d\u2019une facult\u00e9 \u00e0 Tiznit, propos\u00e9 par le conseil de l\u2019Universit\u00e9 d\u2019Ibn Zohr du 8 mars 2019, est dict\u00e9 par l\u2019absence de structures universitaires dans la ville de Tiznit, et ceci malgr\u00e9 la position strat\u00e9gique qu\u2019elle occupe, ainsi que le nombre important des \u00e9tudiants originaires de cette ville oblig\u00e9s chaque ann\u00e9e de poursuivre leurs \u00e9tudes universitaires loin de leurs familles.<\/p>\n<p>La FEMDD de Tiznit contribuera \u00e0 la mise en valeur du tissu \u00e9conomique r\u00e9gional en augmentant l\u2019attractivit\u00e9 du territoire \u00e0 travers une plate-forme dynamique d\u00e9di\u00e9e \u00e0 la formation de ressources humaines en ad\u00e9quation avec les sp\u00e9cificit\u00e9s du territoire. La construction de cette facult\u00e9 premi\u00e8re de son genre \u00e0 Tiznit se justifie par l\u2019augmentation continue des nouveaux bacheliers, la d\u00e9congestion des facult\u00e9s \u00e0 acc\u00e8s ouvert d\u2019Agadir, ainsi que la disponibilit\u00e9 du patrimoine. La conception de ce projet prendra en compte les valeurs port\u00e9es par cet \u00e9tablissement, \u00e0 savoir la production et la diffusion du savoir, la promotion de la cr\u00e9ation, de l\u2019innovation et de l\u2019excellence et le respect de l\u2019environnement.<\/p>\n<p>Pour rappel, l\u2019Universit\u00e9 Ibn Zohr d\u2019Agadir r\u00e9alise actuellement 86 km au Sud de Tiznit le projet de la Facult\u00e9 d\u2019\u00e9conomie et de gestion de Guelmim (FEGG), et qui n\u00e9cessitera une enveloppe budg\u00e9taire de 66 millions DH. Il est situ\u00e9 \u00e0 5 km Nord-Est de la ville de Guelmim sur un terrain d\u2019environ 3 ha. La facult\u00e9 sera dot\u00e9e d\u2019un bloc administratif, d\u2019un bloc p\u00e9dagogique compos\u00e9 de 5 amphith\u00e9\u00e2tres d\u2019une capacit\u00e9 totale d\u2019environ 2.000 personnes, de salles de cours et de TD pouvant abriter jusqu\u2019\u00e0 3.200 personnes<\/p>\n<\/div>\n<p>Auteur: Mohamed Laabid<br \/>\n<a href=\"https:\/\/aujourdhui.ma\/regions\/tiznit-le-projet-de-la-faculte-de-management-se-concretise\">Cliquez ici pour lire l&rsquo;article depuis sa source.<\/a><\/p>\n","protected":false},"excerpt":{"rendered":"<p>Les travaux de construction ont \u00e9t\u00e9 lanc\u00e9s par l\u2019Universit\u00e9 Ibn Zohr d\u2019Agadir Tr\u00e8s attendu par les \u00e9tudiants de la ville de Tiznit, la Facult\u00e9 d\u2019\u00e9conomie, de management et du d\u00e9veloppement durable de Tiznit (FEMDD) se concr\u00e9tisera bient\u00f4t. Elle vient de faire l\u2019objet d\u2019un appel d\u2019offres publi\u00e9 par l\u2019Universit\u00e9 Ibn Zohr d\u2019Agadir en tant que ma\u00eetre [&hellip;]<\/p>\n","protected":false},"author":1759,"featured_media":0,"comment_status":"closed","ping_status":"closed","sticky":false,"template":"","format":"standard","meta":{"fifu_image_url":"https:\/\/aujourdhui.ma\/wp-content\/uploads\/2021\/05\/Tiznit-300x153.jpg","fifu_image_alt":"Tiznit : Le projet de la Facult\u00e9 de management se concr\u00e9tise","footnotes":""},"categories":[73,54],"tags":[],"class_list":["post-127302","post","type-post","status-publish","format-standard","hentry","category-actualite","category-maroc"],"_links":{"self":[{"href":"https:\/\/linitiative.ca\/International\/wp-json\/wp\/v2\/posts\/127302","targetHints":{"allow":["GET"]}}],"collection":[{"href":"https:\/\/linitiative.ca\/International\/wp-json\/wp\/v2\/posts"}],"about":[{"href":"https:\/\/linitiative.ca\/International\/wp-json\/wp\/v2\/types\/post"}],"author":[{"embeddable":true,"href":"https:\/\/linitiative.ca\/International\/wp-json\/wp\/v2\/users\/1759"}],"replies":[{"embeddable":true,"href":"https:\/\/linitiative.ca\/International\/wp-json\/wp\/v2\/comments?post=127302"}],"version-history":[{"count":0,"href":"https:\/\/linitiative.ca\/International\/wp-json\/wp\/v2\/posts\/127302\/revisions"}],"wp:attachment":[{"href":"https:\/\/linitiative.ca\/International\/wp-json\/wp\/v2\/media?parent=127302"}],"wp:term":[{"taxonomy":"category","embeddable":true,"href":"https:\/\/linitiative.ca\/International\/wp-json\/wp\/v2\/categories?post=127302"},{"taxonomy":"post_tag","embeddable":true,"href":"https:\/\/linitiative.ca\/International\/wp-json\/wp\/v2\/tags?post=127302"}],"curies":[{"name":"wp","href":"https:\/\/api.w.org\/{rel}","templated":true}]}}