{"id":127304,"date":"2021-09-17T11:00:19","date_gmt":"2021-09-17T15:00:19","guid":{"rendered":"https:\/\/linitiative.ca\/International\/meknes-2-ans-de-prison-pour-un-agent-de-securite-qui-a-abuse-dune-lyceenne\/"},"modified":"2021-09-17T11:00:19","modified_gmt":"2021-09-17T15:00:19","slug":"meknes-2-ans-de-prison-pour-un-agent-de-securite-qui-a-abuse-dune-lyceenne","status":"publish","type":"post","link":"https:\/\/linitiative.ca\/International\/meknes-2-ans-de-prison-pour-un-agent-de-securite-qui-a-abuse-dune-lyceenne\/","title":{"rendered":"Mekn\u00e8s : 2 ans de prison pour un agent de s\u00e9curit\u00e9 qui a abus\u00e9 d\u2019une lyc\u00e9enne !"},"content":{"rendered":"<div>\n<p><img decoding=\"async\" width=\"300\" height=\"153\" src=\"https:\/\/linitiative.ca\/International\/wp-content\/uploads\/sites\/23\/2021\/09\/Abuse-adolescent-triste.jpg\" class=\"attachment-medium size-medium wp-post-image\" alt=\"\" loading=\"lazy\"><\/p>\n<p><span style=\"color: #800000;\"><strong>Nous sommes \u00e0 la chambre criminelle pr\u00e8s la Cour d\u2019appel de Mekn\u00e8s.<\/strong><\/span><span id=\"more-386949\"><\/span><\/p>\n<p>A la salle d\u2019audience, un jeune homme de trente ans se tient au box des accus\u00e9s, poursuivi en \u00e9tat d\u2019arrestation, pour d\u00e9tournement et attentat \u00e0 la pudeur sans violence sur une mineure de quatorze ans ayant entra\u00een\u00e9 son d\u00e9pucelage. Mais, d\u00e8s l\u2019ouverture de son proc\u00e8s, il clame son innocence tout en affirmant qu\u2019il ne s\u2019agit que d\u2019un coup mont\u00e9 par la mineure, alors que la fille assure qu\u2019il l\u2019a viol\u00e9e. Mais, comment en sont-ils arriv\u00e9s l\u00e0 ? En fait, ils se sont rencontr\u00e9s au lyc\u00e9e coll\u00e9gial Abou Bakr Sedik situ\u00e9 au quartier Agdal \u00e0 Mekn\u00e8s. Elle y poursuivait ses \u00e9tudes alors que lui se chargeait de la s\u00e9curit\u00e9 au niveau de la porte principale.<\/p>\n<p>C\u2019est lui qui l\u2019ouvrait et la refermait apr\u00e8s l\u2019entr\u00e9e des lyc\u00e9ens. C\u2019est cette t\u00e2che qui lui a cr\u00e9\u00e9 un probl\u00e8me avec la lyc\u00e9enne qui le met en cause, explique- t-il aux trois magistrats de la Cour. Il ajoute, lors de son interrogatoire, qu\u2019il ne lui permettait pas d\u2019entrer au lyc\u00e9e lorsqu\u2019elle arrivait en retard. Ce qui a g\u00e9n\u00e9r\u00e9 une haine profonde envers lui et qui s\u2019est transform\u00e9e en d\u00e9sir de vengeance, pr\u00e9tend-il. \u00abIl ment\u00bb, r\u00e9pond- elle lorsqu\u2019elle a pris la parole devant la Cour. Cette lyc\u00e9enne de quatorze ans pr\u00e9cise qu\u2019il lui a exprim\u00e9 son amour et qu\u2019ils ont entretenu une relation. Ils se rencontraient presque quotidiennement en dehors du lyc\u00e9e pour faire un tour, ni plus ni moins.<\/p>\n<p>Seulement, ce jour-l\u00e0, alors qu\u2019elle venait de sortir d\u2019un cours, elle l\u2019a conduite vers une classe pour abuser sauvagement d\u2019elle. Mais le mis en cause rejette tout en bloc. Une disculpation qui s\u2019est effondr\u00e9e comme un ch\u00e2teau de cartes lorsque deux t\u00e9moins ont attest\u00e9 qu\u2019ils les ont vus soit \u00e0 bord de son v\u00e9lomoteur, soit en marchant \u00e0 travers les jardins de la ville et non loin de la gare routi\u00e8re. C\u2019est la raison pour laquelle la Cour l\u2019a jug\u00e9 coupable et l\u2019a condamn\u00e9 \u00e0 deux ans de prison ferme. Un verdict jug\u00e9 cl\u00e9ment par la famille de la lyc\u00e9enne.<\/p>\n<\/div>\n<p>Auteur: Abderrafii ALOUMLIKI<br \/>\n<a href=\"https:\/\/aujourdhui.ma\/faits-divers\/meknes-2-ans-de-prison-pour-un-agent-de-securite-qui-a-abuse-dune-lyceenne\">Cliquez ici pour lire l&rsquo;article depuis sa source.<\/a><\/p>\n","protected":false},"excerpt":{"rendered":"<p>Nous sommes \u00e0 la chambre criminelle pr\u00e8s la Cour d\u2019appel de Mekn\u00e8s. A la salle d\u2019audience, un jeune homme de trente ans se tient au box des accus\u00e9s, poursuivi en \u00e9tat d\u2019arrestation, pour d\u00e9tournement et attentat \u00e0 la pudeur sans violence sur une mineure de quatorze ans ayant entra\u00een\u00e9 son d\u00e9pucelage. Mais, d\u00e8s l\u2019ouverture de [&hellip;]<\/p>\n","protected":false},"author":1759,"featured_media":0,"comment_status":"closed","ping_status":"closed","sticky":false,"template":"","format":"standard","meta":{"fifu_image_url":"https:\/\/aujourdhui.ma\/wp-content\/uploads\/2016\/02\/Abuse-adolescent-triste.jpg","fifu_image_alt":"Mekn\u00e8s : 2 ans de prison pour un agent de s\u00e9curit\u00e9 qui a abus\u00e9 d\u2019une lyc\u00e9enne !","footnotes":""},"categories":[73,54],"tags":[],"class_list":["post-127304","post","type-post","status-publish","format-standard","hentry","category-actualite","category-maroc"],"_links":{"self":[{"href":"https:\/\/linitiative.ca\/International\/wp-json\/wp\/v2\/posts\/127304","targetHints":{"allow":["GET"]}}],"collection":[{"href":"https:\/\/linitiative.ca\/International\/wp-json\/wp\/v2\/posts"}],"about":[{"href":"https:\/\/linitiative.ca\/International\/wp-json\/wp\/v2\/types\/post"}],"author":[{"embeddable":true,"href":"https:\/\/linitiative.ca\/International\/wp-json\/wp\/v2\/users\/1759"}],"replies":[{"embeddable":true,"href":"https:\/\/linitiative.ca\/International\/wp-json\/wp\/v2\/comments?post=127304"}],"version-history":[{"count":0,"href":"https:\/\/linitiative.ca\/International\/wp-json\/wp\/v2\/posts\/127304\/revisions"}],"wp:attachment":[{"href":"https:\/\/linitiative.ca\/International\/wp-json\/wp\/v2\/media?parent=127304"}],"wp:term":[{"taxonomy":"category","embeddable":true,"href":"https:\/\/linitiative.ca\/International\/wp-json\/wp\/v2\/categories?post=127304"},{"taxonomy":"post_tag","embeddable":true,"href":"https:\/\/linitiative.ca\/International\/wp-json\/wp\/v2\/tags?post=127304"}],"curies":[{"name":"wp","href":"https:\/\/api.w.org\/{rel}","templated":true}]}}