{"id":127313,"date":"2021-09-16T14:00:00","date_gmt":"2021-09-16T18:00:00","guid":{"rendered":"https:\/\/linitiative.ca\/International\/le-6e-festival-international-des-ecoles-de-cinema\/"},"modified":"2021-09-16T14:00:00","modified_gmt":"2021-09-16T18:00:00","slug":"le-6e-festival-international-des-ecoles-de-cinema","status":"publish","type":"post","link":"https:\/\/linitiative.ca\/International\/le-6e-festival-international-des-ecoles-de-cinema\/","title":{"rendered":"Le 6\u00e8 Festival international des \u00e9coles de cin\u00e9ma"},"content":{"rendered":"<div>\n<p class=\"has-text-align-center has-vivid-red-color has-text-color\"><strong>Du 22 au 26 novembre \u00e0 T\u00e9touan<\/strong><\/p>\n<p class=\"has-black-color has-text-color\"><strong>La ville de T\u00e9touan abritera, du 22 au 26 novembre prochain, la 6\u00e8me \u00e9dition du Festival international des \u00e9coles de cin\u00e9ma de T\u00e9touan (FIDEC). Organis\u00e9 par l\u2019association BIDAYYAT ARTCINE et la Facult\u00e9 des lettres et des sciences humaines de T\u00e9touan (Universit\u00e9 Abdelmalek Essa\u00e2di), avec le soutien du Centre cin\u00e9matographique marocain, en partenariat avec plusieurs organismes marocains et \u00e9trangers, cet \u00e9v\u00e9nement sera abrit\u00e9 par les belles et mythiques salles de cin\u00e9ma de T\u00e9touan, l\u2019occasion de renouer avec la magie de l\u2019\u00catre et de c\u00e9l\u00e9brer le cin\u00e9ma, l\u2019art et la culture.<\/strong><\/p>\n<p class=\"has-black-color has-text-color\">L\u2019\u00e9quipe du Festival travaille depuis des mois sur une programmation exceptionnelle de films d\u2019\u00e9coles, de masters class, de programmes th\u00e9matiques, de conf\u00e9rences et un programme sp\u00e9cial \u00ab\u00a0\u00c9ducation \u00e0 l\u2019image\u00a0\u00bb, pr\u00e9cisent les organisateurs dans un communiqu\u00e9 conjoint. Les organisateurs affirment leur volont\u00e9 de r\u00e9ussir cette \u00e9dition, gr\u00e2ce \u00e0 l\u2019engagement de l\u2019\u00e9quipe du festival, en comptant sur les nouveaux partenaires et ceux traditionnels pour pouvoir assurer la logistique de cet \u00e9v\u00e9nement d\u2019envergure internationale.<\/p>\n<p>L\u2019article <a rel=\"nofollow\" href=\"http:\/\/albayane.press.ma\/le-6e-festival-international-des-ecoles-de-cinema.html\">Le 6\u00e8 Festival international des \u00e9coles de cin\u00e9ma<\/a> est apparu en premier sur <a rel=\"nofollow\" href=\"http:\/\/albayane.press.ma\/\">ALBAYANE<\/a>.<\/p>\n<\/div>\n<p>Auteur: M&rsquo;hammed rahal<br \/>\n<a href=\"http:\/\/albayane.press.ma\/le-6e-festival-international-des-ecoles-de-cinema.html\">Cliquez ici pour lire l&rsquo;article depuis sa source.<\/a><\/p>\n","protected":false},"excerpt":{"rendered":"<p>Du 22 au 26 novembre \u00e0 T\u00e9touan La ville de T\u00e9touan abritera, du 22 au 26 novembre prochain, la 6\u00e8me \u00e9dition du Festival international des \u00e9coles de cin\u00e9ma de T\u00e9touan (FIDEC). Organis\u00e9 par l\u2019association BIDAYYAT ARTCINE et la Facult\u00e9 des lettres et des sciences humaines de T\u00e9touan (Universit\u00e9 Abdelmalek Essa\u00e2di), avec le soutien du Centre [&hellip;]<\/p>\n","protected":false},"author":1760,"featured_media":0,"comment_status":"closed","ping_status":"closed","sticky":false,"template":"","format":"standard","meta":{"fifu_image_url":"","fifu_image_alt":"","footnotes":""},"categories":[73,54],"tags":[],"class_list":["post-127313","post","type-post","status-publish","format-standard","hentry","category-actualite","category-maroc"],"_links":{"self":[{"href":"https:\/\/linitiative.ca\/International\/wp-json\/wp\/v2\/posts\/127313","targetHints":{"allow":["GET"]}}],"collection":[{"href":"https:\/\/linitiative.ca\/International\/wp-json\/wp\/v2\/posts"}],"about":[{"href":"https:\/\/linitiative.ca\/International\/wp-json\/wp\/v2\/types\/post"}],"author":[{"embeddable":true,"href":"https:\/\/linitiative.ca\/International\/wp-json\/wp\/v2\/users\/1760"}],"replies":[{"embeddable":true,"href":"https:\/\/linitiative.ca\/International\/wp-json\/wp\/v2\/comments?post=127313"}],"version-history":[{"count":0,"href":"https:\/\/linitiative.ca\/International\/wp-json\/wp\/v2\/posts\/127313\/revisions"}],"wp:attachment":[{"href":"https:\/\/linitiative.ca\/International\/wp-json\/wp\/v2\/media?parent=127313"}],"wp:term":[{"taxonomy":"category","embeddable":true,"href":"https:\/\/linitiative.ca\/International\/wp-json\/wp\/v2\/categories?post=127313"},{"taxonomy":"post_tag","embeddable":true,"href":"https:\/\/linitiative.ca\/International\/wp-json\/wp\/v2\/tags?post=127313"}],"curies":[{"name":"wp","href":"https:\/\/api.w.org\/{rel}","templated":true}]}}