{"id":127314,"date":"2021-09-16T14:00:00","date_gmt":"2021-09-16T18:00:00","guid":{"rendered":"https:\/\/linitiative.ca\/International\/la-4e-edition-du-festival-ouled-teima-du-film-international\/"},"modified":"2021-09-16T14:00:00","modified_gmt":"2021-09-16T18:00:00","slug":"la-4e-edition-du-festival-ouled-teima-du-film-international","status":"publish","type":"post","link":"https:\/\/linitiative.ca\/International\/la-4e-edition-du-festival-ouled-teima-du-film-international\/","title":{"rendered":"La 4\u00e8 \u00e9dition du festival Ouled Teima du film international"},"content":{"rendered":"<div>\n<p class=\"has-text-align-center has-vivid-red-color has-text-color\"><strong>Du 07 et 10 octobre prochain<\/strong><\/p>\n<p class=\"has-black-color has-text-color\"><strong>La 4\u00e8 \u00e9dition du festival Ouled Teima du film international aura lieu du 07 et 10 octobre prochain, \u00e0 l\u2019initiative de l\u2019Association \u00ab\u00a0Mountada Dilal pour le th\u00e9\u00e2tre et le cin\u00e9ma\u00a0\u00bb.<\/strong><\/p>\n<p class=\"has-black-color has-text-color\">Cette manifestation, dont le programme comprend des activit\u00e9s qui se d\u00e9rouleront en pr\u00e9sentiel dans le respect des mesures sanitaires en vigueur, se veut une occasion annuelle de comp\u00e9tition entre les courts-m\u00e9trages internationaux, indique un communiqu\u00e9 des organisateurs.<\/p>\n<p class=\"has-black-color has-text-color\">Cette 4\u00e8 \u00e9dition organis\u00e9e avec le soutien du Centre cin\u00e9matographique marocain (CCM), l\u2019Institut Fran\u00e7ais d\u2019Agadir et le Conseil communal Ouled Teima, rendra un hommage au r\u00e9alisateur Daoud Oulad Sayed, ainsi que les com\u00e9diens Souad El Alaoui et Driss Roukhe.<\/p>\n<p class=\"has-black-color has-text-color\">Au programme de cette manifestation culturelle qui c\u00e9l\u00e8bre cette ann\u00e9e le cin\u00e9ma fran\u00e7ais, figure la projection de 16 courts- m\u00e9trages qui seront en lice pour les cinq prix du festival, selon la m\u00eame source qui pr\u00e9cise que ces r\u00e9compenses seront attribu\u00e9es par un jury pr\u00e9sid\u00e9 par la com\u00e9dienne et r\u00e9alisatrice fran\u00e7aise Laurine Bauby.<\/p>\n<p class=\"has-black-color has-text-color\">En marge du festival, il sera proc\u00e9der \u00e0 l\u2019organisation d\u2019une conf\u00e9rence sous le th\u00e8me \u00ab\u00a0Le cin\u00e9ma vu par les jeunes\u00a0\u00bb ainsi que des ateliers sur la photographie, la r\u00e9alisation cin\u00e9matographique et l\u2019\u00e9criture du sc\u00e9nario.<\/p>\n<p>L\u2019article <a rel=\"nofollow\" href=\"http:\/\/albayane.press.ma\/la-4e-edition-du-festival-ouled-teima-du-film-international.html\">La 4\u00e8 \u00e9dition du festival Ouled Teima du film international<\/a> est apparu en premier sur <a rel=\"nofollow\" href=\"http:\/\/albayane.press.ma\/\">ALBAYANE<\/a>.<\/p>\n<\/div>\n<p>Auteur: M&rsquo;hammed rahal<br \/>\n<a href=\"http:\/\/albayane.press.ma\/la-4e-edition-du-festival-ouled-teima-du-film-international.html\">Cliquez ici pour lire l&rsquo;article depuis sa source.<\/a><\/p>\n","protected":false},"excerpt":{"rendered":"<p>Du 07 et 10 octobre prochain La 4\u00e8 \u00e9dition du festival Ouled Teima du film international aura lieu du 07 et 10 octobre prochain, \u00e0 l\u2019initiative de l\u2019Association \u00ab\u00a0Mountada Dilal pour le th\u00e9\u00e2tre et le cin\u00e9ma\u00a0\u00bb. Cette manifestation, dont le programme comprend des activit\u00e9s qui se d\u00e9rouleront en pr\u00e9sentiel dans le respect des mesures sanitaires [&hellip;]<\/p>\n","protected":false},"author":1760,"featured_media":0,"comment_status":"closed","ping_status":"closed","sticky":false,"template":"","format":"standard","meta":{"fifu_image_url":"","fifu_image_alt":"","footnotes":""},"categories":[73,54],"tags":[],"class_list":["post-127314","post","type-post","status-publish","format-standard","hentry","category-actualite","category-maroc"],"_links":{"self":[{"href":"https:\/\/linitiative.ca\/International\/wp-json\/wp\/v2\/posts\/127314","targetHints":{"allow":["GET"]}}],"collection":[{"href":"https:\/\/linitiative.ca\/International\/wp-json\/wp\/v2\/posts"}],"about":[{"href":"https:\/\/linitiative.ca\/International\/wp-json\/wp\/v2\/types\/post"}],"author":[{"embeddable":true,"href":"https:\/\/linitiative.ca\/International\/wp-json\/wp\/v2\/users\/1760"}],"replies":[{"embeddable":true,"href":"https:\/\/linitiative.ca\/International\/wp-json\/wp\/v2\/comments?post=127314"}],"version-history":[{"count":0,"href":"https:\/\/linitiative.ca\/International\/wp-json\/wp\/v2\/posts\/127314\/revisions"}],"wp:attachment":[{"href":"https:\/\/linitiative.ca\/International\/wp-json\/wp\/v2\/media?parent=127314"}],"wp:term":[{"taxonomy":"category","embeddable":true,"href":"https:\/\/linitiative.ca\/International\/wp-json\/wp\/v2\/categories?post=127314"},{"taxonomy":"post_tag","embeddable":true,"href":"https:\/\/linitiative.ca\/International\/wp-json\/wp\/v2\/tags?post=127314"}],"curies":[{"name":"wp","href":"https:\/\/api.w.org\/{rel}","templated":true}]}}