{"id":127319,"date":"2021-09-16T14:00:00","date_gmt":"2021-09-16T18:00:00","guid":{"rendered":"https:\/\/linitiative.ca\/International\/covid-19-premiere-baisse-substantielle-du-nombre-de-cas-hebdomadaires\/"},"modified":"2021-09-16T14:00:00","modified_gmt":"2021-09-16T18:00:00","slug":"covid-19-premiere-baisse-substantielle-du-nombre-de-cas-hebdomadaires","status":"publish","type":"post","link":"https:\/\/linitiative.ca\/International\/covid-19-premiere-baisse-substantielle-du-nombre-de-cas-hebdomadaires\/","title":{"rendered":"Covid-19 : premi\u00e8re baisse substantielle du nombre de cas hebdomadaires,"},"content":{"rendered":"<div>\n<p class=\"has-text-align-center has-vivid-red-color has-text-color\"><strong>\u00ab\u00a0Un signe d\u2019espoir\u00a0\u00bb, selon l\u2019OMS<\/strong><\/p>\n<p class=\"has-black-color has-text-color\"><strong>Le nombre moyen de personnes quotidiennement test\u00e9es positives \u00e0 la Covid-19 dans le monde a diminu\u00e9 la semaine derni\u00e8re de mani\u00e8re substantielle pour la premi\u00e8re fois depuis plus de deux mois, ce qui constitue un signe d\u2019espoir dans le combat contre la pand\u00e9mie, a annonc\u00e9 l\u2019Organisation mondiale de la Sant\u00e9 (OMS).<\/strong><\/p>\n<p class=\"has-black-color has-text-color\">\u00ab Avec pr\u00e8s de 4 millions de nouveaux cas signal\u00e9s dans le monde au cours de la semaine \u00e9coul\u00e9e (6-12 septembre), il s\u2019agit de la premi\u00e8re baisse substantielle du nombre de cas hebdomadaires depuis plus de deux mois \u00bb, souligne l\u2019OMS dans son dernier bulletin \u00e9pid\u00e9miologique, publi\u00e9 mercredi. Selon l\u2019Agence sanitaire mondiale de l\u2019ONU, toutes les r\u00e9gions ont signal\u00e9 une baisse du nombre de nouveaux cas par rapport \u00e0 la semaine pr\u00e9c\u00e9dente.<\/p>\n<p class=\"has-black-color has-text-color\">Le nombre de d\u00e9c\u00e8s signal\u00e9s dans le monde a \u00e9galement diminu\u00e9 par rapport \u00e0 la semaine pr\u00e9c\u00e9dente, avec un peu plus de 62.000 nouveaux d\u00e9c\u00e8s. Seules deux r\u00e9gions de l\u2019OMS ont signal\u00e9 une hausse des d\u00e9c\u00e8s. Si le nombre de d\u00e9c\u00e8s signal\u00e9s au Pacifique occidental est similaire \u00e0 celui de la semaine pr\u00e9c\u00e9dente, il s\u2019agit d\u2019une augmentation de 2% (100.860 morts).<br \/>Mais c\u2019est le continent africain, qui a notifi\u00e9 une augmentation de 7% du nombre de d\u00e9c\u00e8s hebdomadaires, pr\u00e9cise l\u2019OMS.<\/p>\n<p class=\"has-black-color has-text-color\">Dans le m\u00eame temps, la r\u00e9gion d\u2019Asie du Sud-Est a enregistr\u00e9 la plus forte baisse (20%). Les r\u00e9gions d\u2019Am\u00e9rique et de M\u00e9diterran\u00e9e orientale ont enregistr\u00e9 des baisses l\u00e9g\u00e8rement plus faibles, de 9% et 6% respectivement, tandis que le nombre de d\u00e9c\u00e8s signal\u00e9 dans en Europe a \u00e9t\u00e9 similaire \u00e0 celui de la semaine pr\u00e9c\u00e9dente.<\/p>\n<p class=\"has-black-color has-text-color\">Plus globalement, la pand\u00e9mie de Covid-19 a fait au moins 4.636.153 morts dans le monde depuis fin d\u00e9cembre 2019. Selon le bilan \u00e9tabli mercredi par l\u2019OMS, plus de 225 millions de nouvelles infections ont \u00e9t\u00e9 r\u00e9pertori\u00e9es dans le monde. Et \u00e0 la date du 13 septembre 2021, un total de 5.534.977.637 doses de vaccin avaient \u00e9t\u00e9 administr\u00e9es.<br \/>Sur un autre plan, les r\u00e9gions rapportant les taux d\u2019incidence hebdomadaire de cas et de d\u00e9c\u00e8s pour 100.000 habitants les plus \u00e9lev\u00e9s restent les m\u00eames que la semaine pr\u00e9c\u00e9dente. Il s\u2019agit des Am\u00e9riques (143 nouveaux cas pour 100 000 habitants ; 2,3 d\u00e9c\u00e8s pour 100.000 habitants) et la R\u00e9gion europ\u00e9enne (119,4 nouveaux cas pour 100.000 habitants ; 1,5 d\u00e9c\u00e8s pour 100.000 habitants).<\/p>\n<p class=\"has-black-color has-text-color\">Dans ces conditions, les plus grands nombres de nouvelles contaminations ont \u00e9t\u00e9 signal\u00e9s par les \u00c9tats-Unis (1.034.836 nouveaux cas ; baisse de 20%). Suivent le Royaume-Uni (256.051 nouveaux cas ; hausse de 5%), l\u2019Inde (248.248 nouveaux cas ; diminution de 15%), l\u2019Iran (172.030 nouveaux cas ; baisse de 17%) et la Turquie (158.236 nouveaux cas ; hausse de 6%).<\/p>\n<p class=\"has-black-color has-text-color\">S\u2019agissant des variants, l\u2019Alpha (britannique) a \u00e9t\u00e9 signal\u00e9 dans 193 pays, territoires ou zones.<br \/>Selon l\u2019OMS, 142 pays ont signal\u00e9 des cas du variant B\u00eata, et 96 pays ont signal\u00e9 des cas du variant Gamma (br\u00e9silienne). En ce qui concerne le variant Delta, depuis sa premi\u00e8re d\u00e9claration en octobre 2020, il a \u00e9t\u00e9 signal\u00e9 dans 180 pays (six nouveaux pays depuis la semaine derni\u00e8re) dans les six r\u00e9gions de l\u2019OMS.<\/p>\n<p>L\u2019article <a rel=\"nofollow\" href=\"http:\/\/albayane.press.ma\/covid-19-premiere-baisse-substantielle-du-nombre-de-cas-hebdomadaires.html\">Covid-19 : premi\u00e8re baisse substantielle du nombre de cas hebdomadaires,<\/a> est apparu en premier sur <a rel=\"nofollow\" href=\"http:\/\/albayane.press.ma\/\">ALBAYANE<\/a>.<\/p>\n<\/div>\n<p>Auteur: M&rsquo;hammed rahal<br \/>\n<a href=\"http:\/\/albayane.press.ma\/covid-19-premiere-baisse-substantielle-du-nombre-de-cas-hebdomadaires.html\">Cliquez ici pour lire l&rsquo;article depuis sa source.<\/a><\/p>\n","protected":false},"excerpt":{"rendered":"<p>\u00ab\u00a0Un signe d\u2019espoir\u00a0\u00bb, selon l\u2019OMS Le nombre moyen de personnes quotidiennement test\u00e9es positives \u00e0 la Covid-19 dans le monde a diminu\u00e9 la semaine derni\u00e8re de mani\u00e8re substantielle pour la premi\u00e8re fois depuis plus de deux mois, ce qui constitue un signe d\u2019espoir dans le combat contre la pand\u00e9mie, a annonc\u00e9 l\u2019Organisation mondiale de la Sant\u00e9 [&hellip;]<\/p>\n","protected":false},"author":1760,"featured_media":0,"comment_status":"closed","ping_status":"closed","sticky":false,"template":"","format":"standard","meta":{"fifu_image_url":"","fifu_image_alt":"","footnotes":""},"categories":[73,54],"tags":[],"class_list":["post-127319","post","type-post","status-publish","format-standard","hentry","category-actualite","category-maroc"],"_links":{"self":[{"href":"https:\/\/linitiative.ca\/International\/wp-json\/wp\/v2\/posts\/127319","targetHints":{"allow":["GET"]}}],"collection":[{"href":"https:\/\/linitiative.ca\/International\/wp-json\/wp\/v2\/posts"}],"about":[{"href":"https:\/\/linitiative.ca\/International\/wp-json\/wp\/v2\/types\/post"}],"author":[{"embeddable":true,"href":"https:\/\/linitiative.ca\/International\/wp-json\/wp\/v2\/users\/1760"}],"replies":[{"embeddable":true,"href":"https:\/\/linitiative.ca\/International\/wp-json\/wp\/v2\/comments?post=127319"}],"version-history":[{"count":0,"href":"https:\/\/linitiative.ca\/International\/wp-json\/wp\/v2\/posts\/127319\/revisions"}],"wp:attachment":[{"href":"https:\/\/linitiative.ca\/International\/wp-json\/wp\/v2\/media?parent=127319"}],"wp:term":[{"taxonomy":"category","embeddable":true,"href":"https:\/\/linitiative.ca\/International\/wp-json\/wp\/v2\/categories?post=127319"},{"taxonomy":"post_tag","embeddable":true,"href":"https:\/\/linitiative.ca\/International\/wp-json\/wp\/v2\/tags?post=127319"}],"curies":[{"name":"wp","href":"https:\/\/api.w.org\/{rel}","templated":true}]}}