{"id":127321,"date":"2021-09-17T06:00:00","date_gmt":"2021-09-17T10:00:00","guid":{"rendered":"https:\/\/linitiative.ca\/International\/feu-vert-pour-le-retour-du-public-avec-pass-sanitaire\/"},"modified":"2021-09-17T06:00:00","modified_gmt":"2021-09-17T10:00:00","slug":"feu-vert-pour-le-retour-du-public-avec-pass-sanitaire","status":"publish","type":"post","link":"https:\/\/linitiative.ca\/International\/feu-vert-pour-le-retour-du-public-avec-pass-sanitaire\/","title":{"rendered":"Feu vert pour le retour du public avec pass sanitaire"},"content":{"rendered":"<div>Le minist\u00e8re de la Jeunesse et des sports (MJS) a annonc\u00e9 jeudi le retour du public aux stades et salles de sport, sur pr\u00e9sentation du pass sanitaire, en vue de la nouvelle saison sportive 2021-2022.<\/div>\n<p>Auteur:<br \/>\n<a href=\"https:\/\/www.liberte-algerie.com\/actualite\/feu-vert-pour-le-retour-du-public-avec-pass-sanitaire-365099\">Cliquez ici pour lire l&rsquo;article depuis sa source.<\/a><\/p>\n","protected":false},"excerpt":{"rendered":"<p>Le minist\u00e8re de la Jeunesse et des sports (MJS) a annonc\u00e9 jeudi le retour du public aux stades et salles de sport, sur pr\u00e9sentation du pass sanitaire, en vue de la nouvelle saison sportive 2021-2022. Auteur: Cliquez ici pour lire l&rsquo;article depuis sa source.<\/p>\n","protected":false},"author":1742,"featured_media":0,"comment_status":"closed","ping_status":"closed","sticky":false,"template":"","format":"standard","meta":{"fifu_image_url":"","fifu_image_alt":"","footnotes":""},"categories":[73,53],"tags":[],"class_list":["post-127321","post","type-post","status-publish","format-standard","hentry","category-actualite","category-algerie"],"_links":{"self":[{"href":"https:\/\/linitiative.ca\/International\/wp-json\/wp\/v2\/posts\/127321","targetHints":{"allow":["GET"]}}],"collection":[{"href":"https:\/\/linitiative.ca\/International\/wp-json\/wp\/v2\/posts"}],"about":[{"href":"https:\/\/linitiative.ca\/International\/wp-json\/wp\/v2\/types\/post"}],"author":[{"embeddable":true,"href":"https:\/\/linitiative.ca\/International\/wp-json\/wp\/v2\/users\/1742"}],"replies":[{"embeddable":true,"href":"https:\/\/linitiative.ca\/International\/wp-json\/wp\/v2\/comments?post=127321"}],"version-history":[{"count":0,"href":"https:\/\/linitiative.ca\/International\/wp-json\/wp\/v2\/posts\/127321\/revisions"}],"wp:attachment":[{"href":"https:\/\/linitiative.ca\/International\/wp-json\/wp\/v2\/media?parent=127321"}],"wp:term":[{"taxonomy":"category","embeddable":true,"href":"https:\/\/linitiative.ca\/International\/wp-json\/wp\/v2\/categories?post=127321"},{"taxonomy":"post_tag","embeddable":true,"href":"https:\/\/linitiative.ca\/International\/wp-json\/wp\/v2\/tags?post=127321"}],"curies":[{"name":"wp","href":"https:\/\/api.w.org\/{rel}","templated":true}]}}