{"id":127322,"date":"2021-09-17T11:00:00","date_gmt":"2021-09-17T15:00:00","guid":{"rendered":"https:\/\/linitiative.ca\/International\/le-rcd-boycotte-les-elections-locales\/"},"modified":"2021-09-17T11:00:00","modified_gmt":"2021-09-17T15:00:00","slug":"le-rcd-boycotte-les-elections-locales","status":"publish","type":"post","link":"https:\/\/linitiative.ca\/International\/le-rcd-boycotte-les-elections-locales\/","title":{"rendered":"Le RCD boycotte les \u00e9lections locales"},"content":{"rendered":"<div>Le Rassemblement pour la Culture et la D\u00e9mocratie (RCD) boycotte les \u00e9lections locales anticip\u00e9es, du 27 novembre. La d\u00e9cision a \u00e9t\u00e9 annonc\u00e9e ce vendredi, lors du conseil national du parti.<\/div>\n<p>Auteur:<br \/>\n<a href=\"https:\/\/www.liberte-algerie.com\/actualite\/le-rcd-boycotte-les-elections-locales-365100\">Cliquez ici pour lire l&rsquo;article depuis sa source.<\/a><\/p>\n","protected":false},"excerpt":{"rendered":"<p>Le Rassemblement pour la Culture et la D\u00e9mocratie (RCD) boycotte les \u00e9lections locales anticip\u00e9es, du 27 novembre. La d\u00e9cision a \u00e9t\u00e9 annonc\u00e9e ce vendredi, lors du conseil national du parti. Auteur: Cliquez ici pour lire l&rsquo;article depuis sa source.<\/p>\n","protected":false},"author":1742,"featured_media":0,"comment_status":"closed","ping_status":"closed","sticky":false,"template":"","format":"standard","meta":{"fifu_image_url":"","fifu_image_alt":"","footnotes":""},"categories":[73,53],"tags":[],"class_list":["post-127322","post","type-post","status-publish","format-standard","hentry","category-actualite","category-algerie"],"_links":{"self":[{"href":"https:\/\/linitiative.ca\/International\/wp-json\/wp\/v2\/posts\/127322","targetHints":{"allow":["GET"]}}],"collection":[{"href":"https:\/\/linitiative.ca\/International\/wp-json\/wp\/v2\/posts"}],"about":[{"href":"https:\/\/linitiative.ca\/International\/wp-json\/wp\/v2\/types\/post"}],"author":[{"embeddable":true,"href":"https:\/\/linitiative.ca\/International\/wp-json\/wp\/v2\/users\/1742"}],"replies":[{"embeddable":true,"href":"https:\/\/linitiative.ca\/International\/wp-json\/wp\/v2\/comments?post=127322"}],"version-history":[{"count":0,"href":"https:\/\/linitiative.ca\/International\/wp-json\/wp\/v2\/posts\/127322\/revisions"}],"wp:attachment":[{"href":"https:\/\/linitiative.ca\/International\/wp-json\/wp\/v2\/media?parent=127322"}],"wp:term":[{"taxonomy":"category","embeddable":true,"href":"https:\/\/linitiative.ca\/International\/wp-json\/wp\/v2\/categories?post=127322"},{"taxonomy":"post_tag","embeddable":true,"href":"https:\/\/linitiative.ca\/International\/wp-json\/wp\/v2\/tags?post=127322"}],"curies":[{"name":"wp","href":"https:\/\/api.w.org\/{rel}","templated":true}]}}