{"id":127324,"date":"2021-09-17T12:10:00","date_gmt":"2021-09-17T16:10:00","guid":{"rendered":"https:\/\/linitiative.ca\/International\/le-msp-annonce-sa-participation-aux-prochaines-elections-locales\/"},"modified":"2021-09-17T12:10:00","modified_gmt":"2021-09-17T16:10:00","slug":"le-msp-annonce-sa-participation-aux-prochaines-elections-locales","status":"publish","type":"post","link":"https:\/\/linitiative.ca\/International\/le-msp-annonce-sa-participation-aux-prochaines-elections-locales\/","title":{"rendered":"Le MSP annonce sa participation aux prochaines \u00e9lections locales"},"content":{"rendered":"<div>Le pr\u00e9sident du MSP, Abderrezak Makri, a annonc\u00e9 aujourd&rsquo;hui, au Palais des expositions, la participation de sa formation politique aux \u00e9lections locales  anticip\u00e9e du 27 novembre de l&rsquo;ann\u00e9e en cours.<\/div>\n<p>Auteur:<br \/>\n<a href=\"https:\/\/www.liberte-algerie.com\/actualite\/le-msp-annonce-sa-participation-aux-prochaines-elections-locales-365102\">Cliquez ici pour lire l&rsquo;article depuis sa source.<\/a><\/p>\n","protected":false},"excerpt":{"rendered":"<p>Le pr\u00e9sident du MSP, Abderrezak Makri, a annonc\u00e9 aujourd&rsquo;hui, au Palais des expositions, la participation de sa formation politique aux \u00e9lections locales anticip\u00e9e du 27 novembre de l&rsquo;ann\u00e9e en cours. Auteur: Cliquez ici pour lire l&rsquo;article depuis sa source.<\/p>\n","protected":false},"author":1742,"featured_media":0,"comment_status":"closed","ping_status":"closed","sticky":false,"template":"","format":"standard","meta":{"fifu_image_url":"","fifu_image_alt":"","footnotes":""},"categories":[73,53],"tags":[],"class_list":["post-127324","post","type-post","status-publish","format-standard","hentry","category-actualite","category-algerie"],"_links":{"self":[{"href":"https:\/\/linitiative.ca\/International\/wp-json\/wp\/v2\/posts\/127324","targetHints":{"allow":["GET"]}}],"collection":[{"href":"https:\/\/linitiative.ca\/International\/wp-json\/wp\/v2\/posts"}],"about":[{"href":"https:\/\/linitiative.ca\/International\/wp-json\/wp\/v2\/types\/post"}],"author":[{"embeddable":true,"href":"https:\/\/linitiative.ca\/International\/wp-json\/wp\/v2\/users\/1742"}],"replies":[{"embeddable":true,"href":"https:\/\/linitiative.ca\/International\/wp-json\/wp\/v2\/comments?post=127324"}],"version-history":[{"count":0,"href":"https:\/\/linitiative.ca\/International\/wp-json\/wp\/v2\/posts\/127324\/revisions"}],"wp:attachment":[{"href":"https:\/\/linitiative.ca\/International\/wp-json\/wp\/v2\/media?parent=127324"}],"wp:term":[{"taxonomy":"category","embeddable":true,"href":"https:\/\/linitiative.ca\/International\/wp-json\/wp\/v2\/categories?post=127324"},{"taxonomy":"post_tag","embeddable":true,"href":"https:\/\/linitiative.ca\/International\/wp-json\/wp\/v2\/tags?post=127324"}],"curies":[{"name":"wp","href":"https:\/\/api.w.org\/{rel}","templated":true}]}}