{"id":127327,"date":"2021-09-17T09:23:50","date_gmt":"2021-09-17T13:23:50","guid":{"rendered":"https:\/\/linitiative.ca\/International\/fatima-zahra-mansouri-du-pam-elue-presidente-du-conseil-communal\/"},"modified":"2021-09-17T09:23:50","modified_gmt":"2021-09-17T13:23:50","slug":"fatima-zahra-mansouri-du-pam-elue-presidente-du-conseil-communal","status":"publish","type":"post","link":"https:\/\/linitiative.ca\/International\/fatima-zahra-mansouri-du-pam-elue-presidente-du-conseil-communal\/","title":{"rendered":"Fatima Zahra Mansouri du PAM \u00e9lue pr\u00e9sidente du Conseil communal"},"content":{"rendered":"<div>\n<div style=\"margin-bottom:20px;\"><img loading=\"lazy\" decoding=\"async\" width=\"750\" height=\"430\" src=\"https:\/\/linitiative.ca\/International\/wp-content\/uploads\/sites\/23\/2021\/09\/mansouri-fatima-zahra.jpg\" class=\"attachment-post-thumbnail size-post-thumbnail wp-post-image\" alt=\"\" srcset=\"https:\/\/linitiative.ca\/International\/wp-content\/uploads\/sites\/23\/2021\/09\/mansouri-fatima-zahra.jpg 750w, http:\/\/www.mapmarrakech.ma\/map\/uploads\/2021\/09\/mansouri-fatima-zahra-300x172.jpg 300w\" sizes=\"auto, (max-width: 750px) 100vw, 750px\"><\/div>\n<p>Mme Mansouri a obtenu la majorit\u00e9 absolue des voix (79 voix) contre une seule abstention, et ce, lors d\u2019une session marqu\u00e9e par la pr\u00e9sence notamment des repr\u00e9sentants des autorit\u00e9s locales et des membres du Conseil communal de la cit\u00e9 ocre.<\/p>\n<p>Par la m\u00eame occasion, il a \u00e9t\u00e9 proc\u00e9d\u00e9 \u00e0 l\u2019\u00e9lection des dix vice-pr\u00e9sidents du Conseil communal de Marrakech.<\/p>\n<p>Le parti du PAM a obtenu 48 si\u00e8ges sur un total de 193 au niveau des cinq arrondissements de la ville de Marrakech : Guelliz, Sidi Youssef Ben Ali, Ennakhil, Marrakech-M\u00e9dina et M\u00e9nara, outre la municipalit\u00e9 du M\u00e9chouar- Kasbah lors des \u00e9lections g\u00e9n\u00e9rales du 08 septembre courant.<\/p>\n<p>The post <a rel=\"nofollow\" href=\"http:\/\/www.mapmarrakech.ma\/fr\/fatima-zahra-mansouri-du-pam-elue-presidente-du-conseil-communal\/\">Fatima Zahra Mansouri du PAM \u00e9lue pr\u00e9sidente du Conseil communal<\/a> appeared first on <a rel=\"nofollow\" href=\"http:\/\/www.mapmarrakech.ma\/fr\">MapMarrakech<\/a>.<\/p>\n<\/div>\n<p>Auteur: Meriem IGASS<br \/>\n<a href=\"http:\/\/www.mapmarrakech.ma\/fr\/fatima-zahra-mansouri-du-pam-elue-presidente-du-conseil-communal\/\">Cliquez ici pour lire l&rsquo;article depuis sa source.<\/a><\/p>\n","protected":false},"excerpt":{"rendered":"<p>Mme Mansouri a obtenu la majorit\u00e9 absolue des voix (79 voix) contre une seule abstention, et ce, lors d\u2019une session marqu\u00e9e par la pr\u00e9sence notamment des repr\u00e9sentants des autorit\u00e9s locales et des membres du Conseil communal de la cit\u00e9 ocre. Par la m\u00eame occasion, il a \u00e9t\u00e9 proc\u00e9d\u00e9 \u00e0 l\u2019\u00e9lection des dix vice-pr\u00e9sidents du Conseil [&hellip;]<\/p>\n","protected":false},"author":1788,"featured_media":0,"comment_status":"closed","ping_status":"closed","sticky":false,"template":"","format":"standard","meta":{"fifu_image_url":"http:\/\/www.mapmarrakech.ma\/map\/uploads\/2021\/09\/mansouri-fatima-zahra.jpg","fifu_image_alt":"Fatima Zahra Mansouri du PAM \u00e9lue pr\u00e9sidente du Conseil communal","footnotes":""},"categories":[54,76],"tags":[],"class_list":["post-127327","post","type-post","status-publish","format-standard","hentry","category-maroc","category-regions"],"_links":{"self":[{"href":"https:\/\/linitiative.ca\/International\/wp-json\/wp\/v2\/posts\/127327","targetHints":{"allow":["GET"]}}],"collection":[{"href":"https:\/\/linitiative.ca\/International\/wp-json\/wp\/v2\/posts"}],"about":[{"href":"https:\/\/linitiative.ca\/International\/wp-json\/wp\/v2\/types\/post"}],"author":[{"embeddable":true,"href":"https:\/\/linitiative.ca\/International\/wp-json\/wp\/v2\/users\/1788"}],"replies":[{"embeddable":true,"href":"https:\/\/linitiative.ca\/International\/wp-json\/wp\/v2\/comments?post=127327"}],"version-history":[{"count":0,"href":"https:\/\/linitiative.ca\/International\/wp-json\/wp\/v2\/posts\/127327\/revisions"}],"wp:attachment":[{"href":"https:\/\/linitiative.ca\/International\/wp-json\/wp\/v2\/media?parent=127327"}],"wp:term":[{"taxonomy":"category","embeddable":true,"href":"https:\/\/linitiative.ca\/International\/wp-json\/wp\/v2\/categories?post=127327"},{"taxonomy":"post_tag","embeddable":true,"href":"https:\/\/linitiative.ca\/International\/wp-json\/wp\/v2\/tags?post=127327"}],"curies":[{"name":"wp","href":"https:\/\/api.w.org\/{rel}","templated":true}]}}