{"id":127333,"date":"2021-09-17T10:57:52","date_gmt":"2021-09-17T14:57:52","guid":{"rendered":"https:\/\/linitiative.ca\/International\/m-nourredine-kammouch-du-pi-elu-president-du-conseil-communal\/"},"modified":"2021-09-17T10:57:52","modified_gmt":"2021-09-17T14:57:52","slug":"m-nourredine-kammouch-du-pi-elu-president-du-conseil-communal","status":"publish","type":"post","link":"https:\/\/linitiative.ca\/International\/m-nourredine-kammouch-du-pi-elu-president-du-conseil-communal\/","title":{"rendered":"M. Nourredine Kammouch du PI, \u00e9lu pr\u00e9sident du Conseil communal"},"content":{"rendered":"<div>\n<div style=\"margin-bottom:20px;\"><img loading=\"lazy\" decoding=\"async\" width=\"750\" height=\"430\" src=\"https:\/\/linitiative.ca\/International\/wp-content\/uploads\/sites\/23\/2021\/09\/safi-ville-copier-1.jpg\" class=\"attachment-post-thumbnail size-post-thumbnail wp-post-image\" alt=\"\" srcset=\"https:\/\/linitiative.ca\/International\/wp-content\/uploads\/sites\/23\/2021\/09\/safi-ville-copier-1.jpg 750w, http:\/\/www.mapmarrakech.ma\/map\/uploads\/2021\/09\/safi-ville-copier-1-300x172.jpg 300w\" sizes=\"auto, (max-width: 750px) 100vw, 750px\"><\/div>\n<p>M.Kamouch a ainsi, obtenu 43 des voix sur un total de 51 membres que compte le Conseil communal de Safi.<\/p>\n<p>Cette s\u00e9ance a \u00e9t\u00e9 aussi marqu\u00e9e par l\u2019\u00e9lection \u00e0 la majorit\u00e9 des voix, de la liste des 09 vice-pr\u00e9sidents, du secr\u00e9taire du Conseil ainsi que son adjoint.<\/p>\n<p>Concernant les \u00e9lections communales du 8 septembre dans la commune de Safi, le Parti Authenticit\u00e9 et Modernit\u00e9 (PAM) est arriv\u00e9 en t\u00eate avec 08 si\u00e8ges, suivi du PI et du Rassemblement National des Ind\u00e9pendants (RNI) avec 06 si\u00e8ges chacun, l\u2019Union Constitutionnelle (UC) avec 04 si\u00e8ges, le Parti de la Justice et du D\u00e9veloppement (PJD), l\u2019Union Socialiste des Forces Populaires (USFP) et le Mouvement Populaire (MP) avec 03 si\u00e8ges chacun.<\/p>\n<p>Le Front des Forces D\u00e9mocratiques (FFD), le parti des N\u00e9o-D\u00e9mocrates, l\u2019Union Marocaine de la D\u00e9mocratie (UMD), le Parti du Progr\u00e8s et Socialisme (PPS) et le Parti Al Amal ont remport\u00e9 02 si\u00e8ges chacun, tandis que 08 autres partis se sont partag\u00e9s les autres 08 si\u00e8ges.<\/p>\n<p>The post <a rel=\"nofollow\" href=\"http:\/\/www.mapmarrakech.ma\/fr\/m-nourredine-kammouch-du-pi-elu-president-du-conseil-communal\/\">M. Nourredine Kammouch du PI, \u00e9lu pr\u00e9sident du Conseil communal<\/a> appeared first on <a rel=\"nofollow\" href=\"http:\/\/www.mapmarrakech.ma\/fr\">MapMarrakech<\/a>.<\/p>\n<\/div>\n<p>Auteur: Meriem IGASS<br \/>\n<a href=\"http:\/\/www.mapmarrakech.ma\/fr\/m-nourredine-kammouch-du-pi-elu-president-du-conseil-communal\/\">Cliquez ici pour lire l&rsquo;article depuis sa source.<\/a><\/p>\n","protected":false},"excerpt":{"rendered":"<p>M.Kamouch a ainsi, obtenu 43 des voix sur un total de 51 membres que compte le Conseil communal de Safi. Cette s\u00e9ance a \u00e9t\u00e9 aussi marqu\u00e9e par l\u2019\u00e9lection \u00e0 la majorit\u00e9 des voix, de la liste des 09 vice-pr\u00e9sidents, du secr\u00e9taire du Conseil ainsi que son adjoint. Concernant les \u00e9lections communales du 8 septembre dans [&hellip;]<\/p>\n","protected":false},"author":1788,"featured_media":0,"comment_status":"closed","ping_status":"closed","sticky":false,"template":"","format":"standard","meta":{"fifu_image_url":"http:\/\/www.mapmarrakech.ma\/map\/uploads\/2021\/09\/safi-ville-copier-1.jpg","fifu_image_alt":"M. Nourredine Kammouch du PI, \u00e9lu pr\u00e9sident du Conseil communal","footnotes":""},"categories":[54,76],"tags":[],"class_list":["post-127333","post","type-post","status-publish","format-standard","hentry","category-maroc","category-regions"],"_links":{"self":[{"href":"https:\/\/linitiative.ca\/International\/wp-json\/wp\/v2\/posts\/127333","targetHints":{"allow":["GET"]}}],"collection":[{"href":"https:\/\/linitiative.ca\/International\/wp-json\/wp\/v2\/posts"}],"about":[{"href":"https:\/\/linitiative.ca\/International\/wp-json\/wp\/v2\/types\/post"}],"author":[{"embeddable":true,"href":"https:\/\/linitiative.ca\/International\/wp-json\/wp\/v2\/users\/1788"}],"replies":[{"embeddable":true,"href":"https:\/\/linitiative.ca\/International\/wp-json\/wp\/v2\/comments?post=127333"}],"version-history":[{"count":0,"href":"https:\/\/linitiative.ca\/International\/wp-json\/wp\/v2\/posts\/127333\/revisions"}],"wp:attachment":[{"href":"https:\/\/linitiative.ca\/International\/wp-json\/wp\/v2\/media?parent=127333"}],"wp:term":[{"taxonomy":"category","embeddable":true,"href":"https:\/\/linitiative.ca\/International\/wp-json\/wp\/v2\/categories?post=127333"},{"taxonomy":"post_tag","embeddable":true,"href":"https:\/\/linitiative.ca\/International\/wp-json\/wp\/v2\/tags?post=127333"}],"curies":[{"name":"wp","href":"https:\/\/api.w.org\/{rel}","templated":true}]}}