{"id":127335,"date":"2021-09-16T15:53:16","date_gmt":"2021-09-16T19:53:16","guid":{"rendered":"https:\/\/linitiative.ca\/International\/les-elections-du-8-septembre-sinscrivent-en-droite-ligne-du-processus-democratique-du-maroc\/"},"modified":"2021-09-16T15:53:16","modified_gmt":"2021-09-16T19:53:16","slug":"les-elections-du-8-septembre-sinscrivent-en-droite-ligne-du-processus-democratique-du-maroc","status":"publish","type":"post","link":"https:\/\/linitiative.ca\/International\/les-elections-du-8-septembre-sinscrivent-en-droite-ligne-du-processus-democratique-du-maroc\/","title":{"rendered":"Les \u00e9lections du 8 septembre s\u2019inscrivent en droite ligne du processus d\u00e9mocratique du Maroc"},"content":{"rendered":"<div>\n<div style=\"margin-bottom:20px;\"><img loading=\"lazy\" decoding=\"async\" width=\"750\" height=\"430\" src=\"https:\/\/linitiative.ca\/International\/wp-content\/uploads\/sites\/23\/2021\/09\/LopC3A9ration-de-vote-se-poursuit-dans-lensemble-des-bureaux-Tinghir-750C397430-MAP-2-1.jpg\" class=\"attachment-post-thumbnail size-post-thumbnail wp-post-image\" alt=\"\" srcset=\"https:\/\/linitiative.ca\/International\/wp-content\/uploads\/sites\/23\/2021\/09\/LopC3A9ration-de-vote-se-poursuit-dans-lensemble-des-bureaux-Tinghir-750C397430-MAP-2-1.jpg 750w, http:\/\/www.mapoujda.ma\/map\/uploads\/2021\/09\/Lop\u00e9ration-de-vote-se-poursuit-dans-lensemble-des-bureaux-Tinghir-750\u00d7430-MAP-2-300x172.jpg 300w\" sizes=\"auto, (max-width: 750px) 100vw, 750px\"><\/div>\n<div>\n<p style=\"text-align: justify;\">Les \u00e9lections g\u00e9n\u00e9rales du 8 septembre ont d\u00e9bouch\u00e9 sur des r\u00e9sultats et des indicateurs qui s\u2019inscrivent en droite ligne du processus d\u00e9mocratique du Maroc et en harmonie avec l\u2019\u00e9dification de l\u2019Etat moderne et les dispositions de la Constitution, a indiqu\u00e9 le professeur universitaire Khalid Chiat.<\/p>\n<p style=\"text-align: justify;\">Dans une d\u00e9claration \u00e0 la MAP, M. Chiat, professeur \u00e0 l\u2019Universit\u00e9 Mohammed Premier d\u2019Oujda, a estim\u00e9 que le succ\u00e8s de ces \u00e9ch\u00e9ances \u00e9lectorales s\u2019inscrit dans le cadre de l\u2019orientation d\u00e9mocratique g\u00e9n\u00e9rale du Maroc, ajoutant que ces triples \u00e9lections (l\u00e9gislatives, r\u00e9gionales et communales) se sont d\u00e9roul\u00e9es \u00abdans un climat transparent et d\u00e9mocratique, comme en t\u00e9moignent nombre d\u2019observateurs\u00bb.<\/p>\n<p style=\"text-align: justify;\">Pour ce qui est des r\u00e9sultats politiques, les grands gagnants de ces \u00e9lections sont des partis traditionnellement pr\u00e9sents sur la sc\u00e8ne politique nationale, qui ont obtenu une l\u00e9gitimit\u00e9 \u00e9lectorale gr\u00e2ce \u00e0 leur action politique et leurs programmes, a soulign\u00e9 M. Chiat, notant que ces r\u00e9sultats \u00abpositifs\u00bb sont b\u00e9n\u00e9fiques pour la consolidation des acquis du Maroc et la poursuite de ses grands chantiers.<\/p>\n<p style=\"text-align: justify;\">D\u2019autre part, M. Chiat a relev\u00e9 les d\u00e9fis que doit relever le chef du gouvernement d\u00e9sign\u00e9, \u00e0 commencer par la formation du gouvernement, un objectif qui ne doit pas \u00eatre difficile \u00e0 atteindre vu la configuration politique issue des l\u00e9gislatives, mais qui reste une \u00e9tape primordiale \u00e0 ce stade.<\/p>\n<p style=\"text-align: justify;\">Parmi les autres d\u00e9fis, l\u2019acad\u00e9micien cite la n\u00e9cessit\u00e9 de mener une politique de communication efficace avec les citoyens qui ont besoin de bien appr\u00e9hender le contexte de la formation du nouveau gouvernement, avant de s\u2019atteler sur la mise en \u0153uvre des chantiers \u00e9conomiques et sociaux, dans une approche qui permet au citoyen de constater de mani\u00e8re palpable les effets de ces r\u00e9alisations sur son quotidien.<\/p>\n<p style=\"text-align: justify;\">Dans l\u2019ensemble, les \u00e9lections du 8 septembre et leurs r\u00e9sultats traduisent la volont\u00e9 des Marocains de consacrer la place du Royaume en tant que puissance r\u00e9gionale et continentale, a-t-il conclu.<\/p>\n<\/div>\n<p>L\u2019article <a rel=\"nofollow\" href=\"http:\/\/www.mapoujda.ma\/fr\/les-elections-du-8-septembre-sinscrivent-en-droite-ligne-du-processus-democratique-du-maroc\/\">Les \u00e9lections du 8 septembre s\u2019inscrivent en droite ligne du processus d\u00e9mocratique du Maroc<\/a> est apparu en premier sur <a rel=\"nofollow\" href=\"http:\/\/www.mapoujda.ma\/fr\">MapOujda<\/a>.<\/p>\n<\/div>\n<p>Auteur: Soufiane ELAHMAR<br \/>\n<a href=\"http:\/\/www.mapoujda.ma\/fr\/les-elections-du-8-septembre-sinscrivent-en-droite-ligne-du-processus-democratique-du-maroc\/\">Cliquez ici pour lire l&rsquo;article depuis sa source.<\/a><\/p>\n","protected":false},"excerpt":{"rendered":"<p>Les \u00e9lections g\u00e9n\u00e9rales du 8 septembre ont d\u00e9bouch\u00e9 sur des r\u00e9sultats et des indicateurs qui s\u2019inscrivent en droite ligne du processus d\u00e9mocratique du Maroc et en harmonie avec l\u2019\u00e9dification de l\u2019Etat moderne et les dispositions de la Constitution, a indiqu\u00e9 le professeur universitaire Khalid Chiat. Dans une d\u00e9claration \u00e0 la MAP, M. Chiat, professeur \u00e0 [&hellip;]<\/p>\n","protected":false},"author":1788,"featured_media":0,"comment_status":"closed","ping_status":"closed","sticky":false,"template":"","format":"standard","meta":{"fifu_image_url":"http:\/\/www.mapoujda.ma\/map\/uploads\/2021\/09\/Lop\u00e9ration-de-vote-se-poursuit-dans-lensemble-des-bureaux-Tinghir-750\u00d7430-MAP-2.jpg","fifu_image_alt":"Les \u00e9lections du 8 septembre s\u2019inscrivent en droite ligne du processus d\u00e9mocratique du Maroc","footnotes":""},"categories":[54,76],"tags":[],"class_list":["post-127335","post","type-post","status-publish","format-standard","hentry","category-maroc","category-regions"],"_links":{"self":[{"href":"https:\/\/linitiative.ca\/International\/wp-json\/wp\/v2\/posts\/127335","targetHints":{"allow":["GET"]}}],"collection":[{"href":"https:\/\/linitiative.ca\/International\/wp-json\/wp\/v2\/posts"}],"about":[{"href":"https:\/\/linitiative.ca\/International\/wp-json\/wp\/v2\/types\/post"}],"author":[{"embeddable":true,"href":"https:\/\/linitiative.ca\/International\/wp-json\/wp\/v2\/users\/1788"}],"replies":[{"embeddable":true,"href":"https:\/\/linitiative.ca\/International\/wp-json\/wp\/v2\/comments?post=127335"}],"version-history":[{"count":0,"href":"https:\/\/linitiative.ca\/International\/wp-json\/wp\/v2\/posts\/127335\/revisions"}],"wp:attachment":[{"href":"https:\/\/linitiative.ca\/International\/wp-json\/wp\/v2\/media?parent=127335"}],"wp:term":[{"taxonomy":"category","embeddable":true,"href":"https:\/\/linitiative.ca\/International\/wp-json\/wp\/v2\/categories?post=127335"},{"taxonomy":"post_tag","embeddable":true,"href":"https:\/\/linitiative.ca\/International\/wp-json\/wp\/v2\/tags?post=127335"}],"curies":[{"name":"wp","href":"https:\/\/api.w.org\/{rel}","templated":true}]}}