{"id":127339,"date":"2021-09-17T12:22:45","date_gmt":"2021-09-17T16:22:45","guid":{"rendered":"https:\/\/linitiative.ca\/International\/mohamed-ibrahimi-reelu-president-du-conseil-communal-de-berkane\/"},"modified":"2021-09-17T12:22:45","modified_gmt":"2021-09-17T16:22:45","slug":"mohamed-ibrahimi-reelu-president-du-conseil-communal-de-berkane","status":"publish","type":"post","link":"https:\/\/linitiative.ca\/International\/mohamed-ibrahimi-reelu-president-du-conseil-communal-de-berkane\/","title":{"rendered":"Mohamed Ibrahimi r\u00e9\u00e9lu pr\u00e9sident du Conseil communal de Berkane"},"content":{"rendered":"<div>\n<div style=\"margin-bottom:20px;\"><img loading=\"lazy\" decoding=\"async\" width=\"750\" height=\"430\" src=\"https:\/\/linitiative.ca\/International\/wp-content\/uploads\/sites\/23\/2021\/09\/La-ville-de-berkan-M750C397430-MAP.jpg\" class=\"attachment-post-thumbnail size-post-thumbnail wp-post-image\" alt=\"\" srcset=\"https:\/\/linitiative.ca\/International\/wp-content\/uploads\/sites\/23\/2021\/09\/La-ville-de-berkan-M750C397430-MAP.jpg 750w, http:\/\/www.mapoujda.ma\/map\/uploads\/2020\/06\/La-ville-de-berkan-M750\u00d7430-MAP-300x172.jpg 300w\" sizes=\"auto, (max-width: 750px) 100vw, 750px\"><\/div>\n<div>\n<p style=\"text-align: justify;\">Mohamed Ibrahimi, du Parti authenticit\u00e9 et modernit\u00e9 (PAM), a \u00e9t\u00e9 r\u00e9\u00e9lu, vendredi, pr\u00e9sident du Conseil communal de Berkane.<\/p>\n<p style=\"text-align: justify;\">Seul candidat \u00e0 la pr\u00e9sidence, M. Ibrahimi a obtenu 27 voix sur un total de 35 membres du Conseil communal, alors que deux membres se sont abstenus de voter lors de la session pl\u00e9ni\u00e8re du conseil tenue en pr\u00e9sence des repr\u00e9sentants des autorit\u00e9s locales.<\/p>\n<p style=\"text-align: justify;\">Cette s\u00e9ance a \u00e9galement connu l\u2019\u00e9lection des sept vice-pr\u00e9sidents du conseil communal et du secr\u00e9taire du conseil et son adjoint.<\/p>\n<p style=\"text-align: justify;\">Dans une d\u00e9claration \u00e0 la MAP, M. Ibrahimi a remerci\u00e9 les membres du conseil pour la confiance qu\u2019ils ont plac\u00e9 en lui afin de g\u00e9rer cette commune urbaine durant ce nouveau mandat, affirmant sa d\u00e9termination \u00e0 poursuivre la r\u00e9alisation des chantiers lanc\u00e9s ces derni\u00e8res ann\u00e9es et \u00e0 \u0153uvrer de concert avec les membres du conseil au service de la ville et de l\u2019int\u00e9r\u00eat g\u00e9n\u00e9ral.<\/p>\n<p style=\"text-align: justify;\">Le PAM, le Rassemblement national des ind\u00e9pendants (RNI) et le Parti de l\u2019Istiqlal (PI) \u00e9taient arriv\u00e9s en t\u00eate des \u00e9lections communales du 8 septembre \u00e0 Berkane, en obtenant 8 si\u00e8ges chacun.<\/p>\n<p style=\"text-align: justify;\">Le Front des forces d\u00e9mocratiques (FFD) a remport\u00e9 3 si\u00e8ges \u00e0 l\u2019issue de ces \u00e9lections, suivi du Parti du progr\u00e8s et du socialisme (PPS) et du Parti justice et d\u00e9veloppement (PJD) avec deux si\u00e8ges chacun.<\/p>\n<p style=\"text-align: justify;\">L\u2019Alliance de la f\u00e9d\u00e9ration de gauche (AFG), l\u2019Union socialiste des forces populaires (USFP), le Mouvement populaire (MP) et le Parti socialiste unifi\u00e9 (PSU) ont d\u00e9croch\u00e9 un si\u00e8ge chacun.<\/p>\n<p style=\"text-align: justify;\">Le taux de participation aux \u00e9lections l\u00e9gislatives, r\u00e9gionales et communales du 8 septembre a atteint 51,63 pc au niveau de la province de Berkane, qui comptait 160.630 \u00e9lecteurs inscrits sur les listes \u00e9lectorales.<\/p>\n<\/div>\n<p>L\u2019article <a rel=\"nofollow\" href=\"http:\/\/www.mapoujda.ma\/fr\/mohamed-ibrahimi-reelu-president-du-conseil-communal-de-berkane\/\">Mohamed Ibrahimi r\u00e9\u00e9lu pr\u00e9sident du Conseil communal de Berkane<\/a> est apparu en premier sur <a rel=\"nofollow\" href=\"http:\/\/www.mapoujda.ma\/fr\">MapOujda<\/a>.<\/p>\n<\/div>\n<p>Auteur: Soufiane ELAHMAR<br \/>\n<a href=\"http:\/\/www.mapoujda.ma\/fr\/mohamed-ibrahimi-reelu-president-du-conseil-communal-de-berkane\/\">Cliquez ici pour lire l&rsquo;article depuis sa source.<\/a><\/p>\n","protected":false},"excerpt":{"rendered":"<p>Mohamed Ibrahimi, du Parti authenticit\u00e9 et modernit\u00e9 (PAM), a \u00e9t\u00e9 r\u00e9\u00e9lu, vendredi, pr\u00e9sident du Conseil communal de Berkane. Seul candidat \u00e0 la pr\u00e9sidence, M. Ibrahimi a obtenu 27 voix sur un total de 35 membres du Conseil communal, alors que deux membres se sont abstenus de voter lors de la session pl\u00e9ni\u00e8re du conseil tenue [&hellip;]<\/p>\n","protected":false},"author":1788,"featured_media":0,"comment_status":"closed","ping_status":"closed","sticky":false,"template":"","format":"standard","meta":{"fifu_image_url":"http:\/\/www.mapoujda.ma\/map\/uploads\/2020\/06\/La-ville-de-berkan-M750\u00d7430-MAP.jpg","fifu_image_alt":"Mohamed Ibrahimi r\u00e9\u00e9lu pr\u00e9sident du Conseil communal de Berkane","footnotes":""},"categories":[54,76],"tags":[],"class_list":["post-127339","post","type-post","status-publish","format-standard","hentry","category-maroc","category-regions"],"_links":{"self":[{"href":"https:\/\/linitiative.ca\/International\/wp-json\/wp\/v2\/posts\/127339","targetHints":{"allow":["GET"]}}],"collection":[{"href":"https:\/\/linitiative.ca\/International\/wp-json\/wp\/v2\/posts"}],"about":[{"href":"https:\/\/linitiative.ca\/International\/wp-json\/wp\/v2\/types\/post"}],"author":[{"embeddable":true,"href":"https:\/\/linitiative.ca\/International\/wp-json\/wp\/v2\/users\/1788"}],"replies":[{"embeddable":true,"href":"https:\/\/linitiative.ca\/International\/wp-json\/wp\/v2\/comments?post=127339"}],"version-history":[{"count":0,"href":"https:\/\/linitiative.ca\/International\/wp-json\/wp\/v2\/posts\/127339\/revisions"}],"wp:attachment":[{"href":"https:\/\/linitiative.ca\/International\/wp-json\/wp\/v2\/media?parent=127339"}],"wp:term":[{"taxonomy":"category","embeddable":true,"href":"https:\/\/linitiative.ca\/International\/wp-json\/wp\/v2\/categories?post=127339"},{"taxonomy":"post_tag","embeddable":true,"href":"https:\/\/linitiative.ca\/International\/wp-json\/wp\/v2\/tags?post=127339"}],"curies":[{"name":"wp","href":"https:\/\/api.w.org\/{rel}","templated":true}]}}