{"id":127341,"date":"2021-09-17T12:59:05","date_gmt":"2021-09-17T16:59:05","guid":{"rendered":"https:\/\/linitiative.ca\/International\/oujda-covid-les-bienfaits-de-la-vaccination-des-12-17-ans-mis-en-exergue\/"},"modified":"2021-09-17T12:59:05","modified_gmt":"2021-09-17T16:59:05","slug":"oujda-covid-les-bienfaits-de-la-vaccination-des-12-17-ans-mis-en-exergue","status":"publish","type":"post","link":"https:\/\/linitiative.ca\/International\/oujda-covid-les-bienfaits-de-la-vaccination-des-12-17-ans-mis-en-exergue\/","title":{"rendered":"Oujda\/Covid: Les bienfaits de la vaccination des 12-17 ans mis en exergue"},"content":{"rendered":"<div>\n<div style=\"margin-bottom:20px;\"><img loading=\"lazy\" decoding=\"async\" width=\"750\" height=\"430\" src=\"https:\/\/linitiative.ca\/International\/wp-content\/uploads\/sites\/23\/2021\/09\/vaccination-des-C3A9lC3A8ves-750C397430-MAP.jpg\" class=\"attachment-post-thumbnail size-post-thumbnail wp-post-image\" alt=\"\" srcset=\"https:\/\/linitiative.ca\/International\/wp-content\/uploads\/sites\/23\/2021\/09\/vaccination-des-C3A9lC3A8ves-750C397430-MAP.jpg 750w, http:\/\/www.mapoujda.ma\/map\/uploads\/2021\/09\/vaccination-des-\u00e9l\u00e8ves-750\u00d7430-MAP-300x172.jpg 300w\" sizes=\"auto, (max-width: 750px) 100vw, 750px\"><\/div>\n<div>\n<p style=\"text-align: justify;\">Le si\u00e8ge de la wilaya de la r\u00e9gion de l\u2019Oriental \u00e0 Oujda a accueilli, jeudi, une rencontre de communication ax\u00e9e sur les bienfaits de la vaccination des \u00e9l\u00e8ves \u00e2g\u00e9s entre 12 et 17 ans contre la Covid-19.<\/p>\n<p style=\"text-align: justify;\">Les repr\u00e9sentants des autorit\u00e9s locales, les responsables r\u00e9gionaux de l\u2019Education nationale et de la Sant\u00e9 et les cadres charg\u00e9s de l\u2019op\u00e9ration de vaccination ont soulign\u00e9 \u00e0 cette occasion l\u2019importance de vacciner les \u00e9l\u00e8ves concern\u00e9s, afin d\u2019assurer les conditions de succ\u00e8s d\u2019une rentr\u00e9e scolaire en pr\u00e9sentiel et contribuer \u00e0 atteindre l\u2019objectif de l\u2019immunit\u00e9 collective.<\/p>\n<p style=\"text-align: justify;\">Intervenant lors de cette rencontre, le secr\u00e9taire g\u00e9n\u00e9ral de la Wilaya, Souleimane El Hajjam, a mis en exergue les progr\u00e8s r\u00e9alis\u00e9s au Maroc au niveau de la campagne de vaccination anti-Covid, notamment pour la tranche d\u2019\u00e2ge des 18 ans et plus, notant que ces r\u00e9alisations doivent \u00eatre renforc\u00e9es par une adh\u00e9sion massive \u00e0 l\u2019op\u00e9ration de vaccination des \u00e9l\u00e8ves de 12 \u00e0 17 ans.<\/p>\n<p style=\"text-align: justify;\">L\u2019objectif est qu\u2019au 1 er octobre prochain, date du d\u00e9but effectif de la rentr\u00e9e scolaire, l\u2019ensemble des \u00e9l\u00e8ves concern\u00e9s aient b\u00e9n\u00e9fici\u00e9 de la vaccination, a-t-il affirm\u00e9, saluant les efforts d\u00e9ploy\u00e9s par les services d\u00e9centralis\u00e9s de l\u2019Education nationale et de la Sant\u00e9 pour atteindre ce but.<\/p>\n<p style=\"text-align: justify;\">M. El Hajjam a appel\u00e9 les parents d\u2019\u00e9l\u00e8ves \u00e0 faire vacciner leurs enfants dans les vaccinodromes et centres de vaccination mis en place \u00e0 cet effet, de m\u00eame qu\u2019il a appel\u00e9 l\u2019ensemble des intervenants, notamment les m\u00e9dias et les acteurs de la soci\u00e9t\u00e9 civile, \u00e0 sensibiliser les citoyens sur l\u2019importance de cette op\u00e9ration.<\/p>\n<p style=\"text-align: justify;\">De son c\u00f4t\u00e9, le directeur r\u00e9gional de la Sant\u00e9, Abdelmalek Kouala, a mis l\u2019accent sur les indicateurs positifs de la campagne de vaccination des adultes, notant qu\u2019au niveau de la pr\u00e9fecture d\u2019Oujda-Angad, le taux de vaccination a d\u00e9pass\u00e9 les 60 pc.<\/p>\n<p style=\"text-align: justify;\">Pour la cat\u00e9gorie des 12 \u00e0 17 ans, des efforts doivent encore \u00eatre men\u00e9s pour atteindre les objectifs fix\u00e9s, en particulier de la part des parents d\u2019\u00e9l\u00e8ves qui ont pour responsabilit\u00e9 d\u2019emmener leurs enfants aux centres de vaccination, dans l\u2019int\u00e9r\u00eat des \u00e9l\u00e8ves mais aussi de l\u2019ensemble de la population, qui pourra ainsi se rapprocher encore plus de l\u2019objectif de l\u2019immunit\u00e9 collective, a-t-il soulign\u00e9.<\/p>\n<p style=\"text-align: justify;\">Il a \u00e9galement relev\u00e9 la forte mobilisation des cadres de la sant\u00e9, avec la contribution des cadres des Forces arm\u00e9es royales et du secteur priv\u00e9, en vue d\u2019assurer le succ\u00e8s de cette op\u00e9ration, sachant que la capacit\u00e9 d\u2019accueil des centres de vaccination destin\u00e9s \u00e0 cette cat\u00e9gorie \u00e0 Oujda, dont certains ouvrent 7 jours sur 7, est bien sup\u00e9rieure \u00e0 l\u2019affluence enregistr\u00e9e ces derniers jours.<\/p>\n<p style=\"text-align: justify;\">Dans le m\u00eame sens, le directeur de l\u2019Acad\u00e9mie r\u00e9gionale d\u2019\u00e9ducation et de formation (AREF) de l\u2019Oriental, Mohamed Dib, a soulign\u00e9 l\u2019importance de la campagne nationale de vaccination anti-Covid pour la cat\u00e9gorie d\u2019\u00e2ge 12\/17 ans, qui cible 188 mille \u00e9l\u00e8ves au niveau de la r\u00e9gion de l\u2019Oriental et 51 mille \u00e9l\u00e8ves dans la pr\u00e9fecture d\u2019Oujda-Angad.<\/p>\n<p style=\"text-align: justify;\">Cette op\u00e9ration vise notamment \u00e0 r\u00e9unir des conditions s\u00fbres pour la rentr\u00e9e scolaire, assurer l\u2019enseignement en pr\u00e9sentiel pour tous dans un cadre d\u2019\u00e9galit\u00e9 des chances et favoriser un effet positif sur la qualit\u00e9 de l\u2019apprentissage, a-t-il ajout\u00e9.<\/p>\n<\/div>\n<p>L\u2019article <a rel=\"nofollow\" href=\"http:\/\/www.mapoujda.ma\/fr\/oujda-covid-les-bienfaits-de-la-vaccination-des-12-17-ans-mis-en-exergue\/\">Oujda\/Covid: Les bienfaits de la vaccination des 12-17 ans mis en exergue<\/a> est apparu en premier sur <a rel=\"nofollow\" href=\"http:\/\/www.mapoujda.ma\/fr\">MapOujda<\/a>.<\/p>\n<\/div>\n<p>Auteur: Soufiane ELAHMAR<br \/>\n<a href=\"http:\/\/www.mapoujda.ma\/fr\/oujda-covid-les-bienfaits-de-la-vaccination-des-12-17-ans-mis-en-exergue\/\">Cliquez ici pour lire l&rsquo;article depuis sa source.<\/a><\/p>\n","protected":false},"excerpt":{"rendered":"<p>Le si\u00e8ge de la wilaya de la r\u00e9gion de l\u2019Oriental \u00e0 Oujda a accueilli, jeudi, une rencontre de communication ax\u00e9e sur les bienfaits de la vaccination des \u00e9l\u00e8ves \u00e2g\u00e9s entre 12 et 17 ans contre la Covid-19. Les repr\u00e9sentants des autorit\u00e9s locales, les responsables r\u00e9gionaux de l\u2019Education nationale et de la Sant\u00e9 et les cadres [&hellip;]<\/p>\n","protected":false},"author":1788,"featured_media":0,"comment_status":"closed","ping_status":"closed","sticky":false,"template":"","format":"standard","meta":{"fifu_image_url":"http:\/\/www.mapoujda.ma\/map\/uploads\/2021\/09\/vaccination-des-\u00e9l\u00e8ves-750\u00d7430-MAP.jpg","fifu_image_alt":"Oujda\/Covid: Les bienfaits de la vaccination des 12-17 ans mis en exergue","footnotes":""},"categories":[54,76],"tags":[],"class_list":["post-127341","post","type-post","status-publish","format-standard","hentry","category-maroc","category-regions"],"_links":{"self":[{"href":"https:\/\/linitiative.ca\/International\/wp-json\/wp\/v2\/posts\/127341","targetHints":{"allow":["GET"]}}],"collection":[{"href":"https:\/\/linitiative.ca\/International\/wp-json\/wp\/v2\/posts"}],"about":[{"href":"https:\/\/linitiative.ca\/International\/wp-json\/wp\/v2\/types\/post"}],"author":[{"embeddable":true,"href":"https:\/\/linitiative.ca\/International\/wp-json\/wp\/v2\/users\/1788"}],"replies":[{"embeddable":true,"href":"https:\/\/linitiative.ca\/International\/wp-json\/wp\/v2\/comments?post=127341"}],"version-history":[{"count":0,"href":"https:\/\/linitiative.ca\/International\/wp-json\/wp\/v2\/posts\/127341\/revisions"}],"wp:attachment":[{"href":"https:\/\/linitiative.ca\/International\/wp-json\/wp\/v2\/media?parent=127341"}],"wp:term":[{"taxonomy":"category","embeddable":true,"href":"https:\/\/linitiative.ca\/International\/wp-json\/wp\/v2\/categories?post=127341"},{"taxonomy":"post_tag","embeddable":true,"href":"https:\/\/linitiative.ca\/International\/wp-json\/wp\/v2\/tags?post=127341"}],"curies":[{"name":"wp","href":"https:\/\/api.w.org\/{rel}","templated":true}]}}