{"id":127345,"date":"2021-09-17T10:09:12","date_gmt":"2021-09-17T14:09:12","guid":{"rendered":"https:\/\/linitiative.ca\/International\/ahmed-hilal-reelu-president-du-conseil-communal-de-chichaoua\/"},"modified":"2021-09-17T10:09:12","modified_gmt":"2021-09-17T14:09:12","slug":"ahmed-hilal-reelu-president-du-conseil-communal-de-chichaoua","status":"publish","type":"post","link":"https:\/\/linitiative.ca\/International\/ahmed-hilal-reelu-president-du-conseil-communal-de-chichaoua\/","title":{"rendered":"Ahmed Hilal, r\u00e9\u00e9lu pr\u00e9sident du Conseil communal de Chichaoua"},"content":{"rendered":"<div>\n<div class=\"field field-name-body field-type-text-with-summary field-label-hidden\">\n<div class=\"field-items\">\n<div class=\"field-item even\" property=\"content:encoded\">\n<p class=\"rtejustify\">Ahmed Hilal du Parti Authenticit\u00e9 et Modernit\u00e9 (PAM) a \u00e9t\u00e9 r\u00e9\u00e9lu, vendredi, \u00e0 la majorit\u00e9 absolue, pr\u00e9sident du Conseil communal de Chichaoua.<\/p>\n<p class=\"rtejustify\">Hilal a obtenu 27 voix sur un total de 30 si\u00e8ges que compte le conseil communal de Chichaoua, contre 02 voix remport\u00e9es par son rival, M. Nabil El Bhih du Mouvement Populaire (MP). Cette s\u00e9ance a \u00e9t\u00e9 aussi marqu\u00e9e par l\u2019\u00e9lection, \u00e0 la majorit\u00e9 des voix, des 06 vice-pr\u00e9sidents, ainsi que du Secr\u00e9taire du Conseil et son adjoint.<\/p>\n<\/div>\n<\/div>\n<\/div>\n<\/div>\n<p>Auteur: mbasraoui<br \/>\n<a href=\"https:\/\/www.leconomiste.com\/flash-infos\/ahmed-hilal-reelu-president-du-conseil-communal-de-chichaoua\">Cliquez ici pour lire l&rsquo;article depuis sa source.<\/a><\/p>\n","protected":false},"excerpt":{"rendered":"<p>Ahmed Hilal du Parti Authenticit\u00e9 et Modernit\u00e9 (PAM) a \u00e9t\u00e9 r\u00e9\u00e9lu, vendredi, \u00e0 la majorit\u00e9 absolue, pr\u00e9sident du Conseil communal de Chichaoua. Hilal a obtenu 27 voix sur un total de 30 si\u00e8ges que compte le conseil communal de Chichaoua, contre 02 voix remport\u00e9es par son rival, M. Nabil El Bhih du Mouvement Populaire (MP). [&hellip;]<\/p>\n","protected":false},"author":1763,"featured_media":0,"comment_status":"closed","ping_status":"closed","sticky":false,"template":"","format":"standard","meta":{"fifu_image_url":"","fifu_image_alt":"","footnotes":""},"categories":[78,54],"tags":[],"class_list":["post-127345","post","type-post","status-publish","format-standard","hentry","category-economie","category-maroc"],"_links":{"self":[{"href":"https:\/\/linitiative.ca\/International\/wp-json\/wp\/v2\/posts\/127345","targetHints":{"allow":["GET"]}}],"collection":[{"href":"https:\/\/linitiative.ca\/International\/wp-json\/wp\/v2\/posts"}],"about":[{"href":"https:\/\/linitiative.ca\/International\/wp-json\/wp\/v2\/types\/post"}],"author":[{"embeddable":true,"href":"https:\/\/linitiative.ca\/International\/wp-json\/wp\/v2\/users\/1763"}],"replies":[{"embeddable":true,"href":"https:\/\/linitiative.ca\/International\/wp-json\/wp\/v2\/comments?post=127345"}],"version-history":[{"count":0,"href":"https:\/\/linitiative.ca\/International\/wp-json\/wp\/v2\/posts\/127345\/revisions"}],"wp:attachment":[{"href":"https:\/\/linitiative.ca\/International\/wp-json\/wp\/v2\/media?parent=127345"}],"wp:term":[{"taxonomy":"category","embeddable":true,"href":"https:\/\/linitiative.ca\/International\/wp-json\/wp\/v2\/categories?post=127345"},{"taxonomy":"post_tag","embeddable":true,"href":"https:\/\/linitiative.ca\/International\/wp-json\/wp\/v2\/tags?post=127345"}],"curies":[{"name":"wp","href":"https:\/\/api.w.org\/{rel}","templated":true}]}}