{"id":127346,"date":"2021-09-17T10:41:18","date_gmt":"2021-09-17T14:41:18","guid":{"rendered":"https:\/\/linitiative.ca\/International\/rabat-trois-candidats-a-la-presidence-de-la-mairie-de-la-capitale\/"},"modified":"2021-09-17T10:41:18","modified_gmt":"2021-09-17T14:41:18","slug":"rabat-trois-candidats-a-la-presidence-de-la-mairie-de-la-capitale","status":"publish","type":"post","link":"https:\/\/linitiative.ca\/International\/rabat-trois-candidats-a-la-presidence-de-la-mairie-de-la-capitale\/","title":{"rendered":"Rabat : Trois candidats \u00e0 la pr\u00e9sidence de la mairie de la capitale"},"content":{"rendered":"<div>\n<div class=\"field field-name-body field-type-text-with-summary field-label-hidden\">\n<div class=\"field-items\">\n<div class=\"field-item even\" property=\"content:encoded\">\n<p class=\"rtejustify\">En plus d\u2019Asmaa Rhlalou du RNI, deux autres conseillers ont d\u00e9pos\u00e9 leur candidature pour la pr\u00e9sidence du conseil de la ville de Rabat. Il s\u2019agit de Badia Bennani (PJD), pr\u00e9sidente sortante de l\u2019arrondissement Agdal-Riyad, et Hassan Lachgar, fils du SG de l\u2019USFP.<\/p>\n<\/div>\n<\/div>\n<\/div>\n<\/div>\n<p>Auteur: mbasraoui<br \/>\n<a href=\"https:\/\/www.leconomiste.com\/flash-infos\/rabat-trois-candidats-la-presidence-de-la-mairie-de-la-capitale\">Cliquez ici pour lire l&rsquo;article depuis sa source.<\/a><\/p>\n","protected":false},"excerpt":{"rendered":"<p>En plus d\u2019Asmaa Rhlalou du RNI, deux autres conseillers ont d\u00e9pos\u00e9 leur candidature pour la pr\u00e9sidence du conseil de la ville de Rabat. Il s\u2019agit de Badia Bennani (PJD), pr\u00e9sidente sortante de l\u2019arrondissement Agdal-Riyad, et Hassan Lachgar, fils du SG de l\u2019USFP. Auteur: mbasraoui Cliquez ici pour lire l&rsquo;article depuis sa source.<\/p>\n","protected":false},"author":1763,"featured_media":0,"comment_status":"closed","ping_status":"closed","sticky":false,"template":"","format":"standard","meta":{"fifu_image_url":"","fifu_image_alt":"","footnotes":""},"categories":[78,54],"tags":[],"class_list":["post-127346","post","type-post","status-publish","format-standard","hentry","category-economie","category-maroc"],"_links":{"self":[{"href":"https:\/\/linitiative.ca\/International\/wp-json\/wp\/v2\/posts\/127346","targetHints":{"allow":["GET"]}}],"collection":[{"href":"https:\/\/linitiative.ca\/International\/wp-json\/wp\/v2\/posts"}],"about":[{"href":"https:\/\/linitiative.ca\/International\/wp-json\/wp\/v2\/types\/post"}],"author":[{"embeddable":true,"href":"https:\/\/linitiative.ca\/International\/wp-json\/wp\/v2\/users\/1763"}],"replies":[{"embeddable":true,"href":"https:\/\/linitiative.ca\/International\/wp-json\/wp\/v2\/comments?post=127346"}],"version-history":[{"count":0,"href":"https:\/\/linitiative.ca\/International\/wp-json\/wp\/v2\/posts\/127346\/revisions"}],"wp:attachment":[{"href":"https:\/\/linitiative.ca\/International\/wp-json\/wp\/v2\/media?parent=127346"}],"wp:term":[{"taxonomy":"category","embeddable":true,"href":"https:\/\/linitiative.ca\/International\/wp-json\/wp\/v2\/categories?post=127346"},{"taxonomy":"post_tag","embeddable":true,"href":"https:\/\/linitiative.ca\/International\/wp-json\/wp\/v2\/tags?post=127346"}],"curies":[{"name":"wp","href":"https:\/\/api.w.org\/{rel}","templated":true}]}}