{"id":127348,"date":"2021-09-17T04:54:00","date_gmt":"2021-09-17T08:54:00","guid":{"rendered":"https:\/\/linitiative.ca\/International\/nice-delort-met-les-points-sur-les-i-au-sujet-de-lom\/"},"modified":"2021-09-17T04:54:00","modified_gmt":"2021-09-17T08:54:00","slug":"nice-delort-met-les-points-sur-les-i-au-sujet-de-lom","status":"publish","type":"post","link":"https:\/\/linitiative.ca\/International\/nice-delort-met-les-points-sur-les-i-au-sujet-de-lom\/","title":{"rendered":"Nice : Delort met les points sur les i au sujet de l&rsquo;OM"},"content":{"rendered":"<div>Cet \u00e9t\u00e9, l&rsquo;attaquant Andy Delort (29 ans) a quitt\u00e9 Montpellier pour s&rsquo;engager avec l&rsquo;OGC Nice<img loading=\"lazy\" decoding=\"async\" src=\"http:\/\/feeds.feedburner.com\/~r\/GalerieFArtciles\/~4\/ENYaUOdl_xs\" height=\"1\" width=\"1\" alt=\"\"><\/div>\n<p>Auteur:<br \/>\n<a href=\"http:\/\/www.lebuteur.com\/article\/detail?titre=nice-delort-met-les-points-sur-les-i-au-sujet-de-lom&#038;id=101106&#038;utm_source=feedburner&#038;utm_medium=feed&#038;utm_campaign=Feed%3A+GalerieFArtciles+%28Les+derniers+articles++-+lebuteur.com%29\">Cliquez ici pour lire l&rsquo;article depuis sa source.<\/a><\/p>\n","protected":false},"excerpt":{"rendered":"<p>Cet \u00e9t\u00e9, l&rsquo;attaquant Andy Delort (29 ans) a quitt\u00e9 Montpellier pour s&rsquo;engager avec l&rsquo;OGC Nice Auteur: Cliquez ici pour lire l&rsquo;article depuis sa source.<\/p>\n","protected":false},"author":1738,"featured_media":0,"comment_status":"closed","ping_status":"closed","sticky":false,"template":"","format":"standard","meta":{"fifu_image_url":"http:\/\/feeds.feedburner.com\/~r\/GalerieFArtciles\/~4\/ENYaUOdl_xs","fifu_image_alt":"<div>Nice : Delort met les points sur les i au sujet de l'OM<\/div>","footnotes":""},"categories":[53,75],"tags":[],"class_list":["post-127348","post","type-post","status-publish","format-standard","hentry","category-algerie","category-sport"],"_links":{"self":[{"href":"https:\/\/linitiative.ca\/International\/wp-json\/wp\/v2\/posts\/127348","targetHints":{"allow":["GET"]}}],"collection":[{"href":"https:\/\/linitiative.ca\/International\/wp-json\/wp\/v2\/posts"}],"about":[{"href":"https:\/\/linitiative.ca\/International\/wp-json\/wp\/v2\/types\/post"}],"author":[{"embeddable":true,"href":"https:\/\/linitiative.ca\/International\/wp-json\/wp\/v2\/users\/1738"}],"replies":[{"embeddable":true,"href":"https:\/\/linitiative.ca\/International\/wp-json\/wp\/v2\/comments?post=127348"}],"version-history":[{"count":0,"href":"https:\/\/linitiative.ca\/International\/wp-json\/wp\/v2\/posts\/127348\/revisions"}],"wp:attachment":[{"href":"https:\/\/linitiative.ca\/International\/wp-json\/wp\/v2\/media?parent=127348"}],"wp:term":[{"taxonomy":"category","embeddable":true,"href":"https:\/\/linitiative.ca\/International\/wp-json\/wp\/v2\/categories?post=127348"},{"taxonomy":"post_tag","embeddable":true,"href":"https:\/\/linitiative.ca\/International\/wp-json\/wp\/v2\/tags?post=127348"}],"curies":[{"name":"wp","href":"https:\/\/api.w.org\/{rel}","templated":true}]}}