{"id":127352,"date":"2021-09-17T05:12:57","date_gmt":"2021-09-17T09:12:57","guid":{"rendered":"https:\/\/linitiative.ca\/International\/tribunal-militaire-de-blida-la-cour-dappel-confirme-les-16-ans-de-reclusion-contre-bouazza\/"},"modified":"2021-09-17T05:12:57","modified_gmt":"2021-09-17T09:12:57","slug":"tribunal-militaire-de-blida-la-cour-dappel-confirme-les-16-ans-de-reclusion-contre-bouazza","status":"publish","type":"post","link":"https:\/\/linitiative.ca\/International\/tribunal-militaire-de-blida-la-cour-dappel-confirme-les-16-ans-de-reclusion-contre-bouazza\/","title":{"rendered":"Tribunal militaire de Blida : la cour d\u2019appel confirme les 16 ans de r\u00e9clusion contre Bouazza"},"content":{"rendered":"<div>\n<div class=\"sriret\"><img decoding=\"async\" src=\"https:\/\/linitiative.ca\/International\/wp-content\/uploads\/sites\/23\/2021\/09\/default-picture-709x366_c-55.jpg\"><\/div>\n<p>La cour d\u2019appel militaire de Blida a confirm\u00e9 tard dans la soiree d\u2019hier (jeudi 16 septembre), la peine prononc\u00e9e par le tribunal militaire de Blida contre l\u2019ancien patron de la s\u00e9curit\u00e9 int\u00e9rieure, Wassini Bouazza, \u00e0 savoir 16 ans de r\u00e9clusion criminelle.<\/p>\n<p>Il en est de m\u00eame pour cinq autres de ses subordonn\u00e9s, tous des officiers, poursuivis et condamn\u00e9s \u00e0 des peines allant de 8 \u00e0 15 ans de reclusion, retenues contre eux en premi\u00e8re instance. Ils comparaissaient en appel depuis mecredi pour avoir interf\u00e9r\u00e9 dans le processus du scrutin pr\u00e9sidentiel du 12 d\u00e9cembre 2019.<\/p>\n<p>L\u2019article <a rel=\"nofollow\" href=\"https:\/\/www.elwatan.com\/edition\/actualite\/tribunal-militaire-de-blida-la-cour-dappel-confirme-les-16-ans-de-reclusion-contre-bouazza-17-09-2021\">Tribunal militaire de Blida : la cour d\u2019appel confirme les 16 ans de r\u00e9clusion contre Bouazza<\/a> est apparu en premier sur <a rel=\"nofollow\" href=\"https:\/\/www.elwatan.com\/\">El Watan<\/a>.<\/p>\n<\/div>\n<p>Auteur: Abdelghani Aichoun<br \/>\n<a href=\"https:\/\/www.elwatan.com\/edition\/actualite\/tribunal-militaire-de-blida-la-cour-dappel-confirme-les-16-ans-de-reclusion-contre-bouazza-17-09-2021\">Cliquez ici pour lire l&rsquo;article depuis sa source.<\/a><\/p>\n","protected":false},"excerpt":{"rendered":"<p>La cour d\u2019appel militaire de Blida a confirm\u00e9 tard dans la soiree d\u2019hier (jeudi 16 septembre), la peine prononc\u00e9e par le tribunal militaire de Blida contre l\u2019ancien patron de la s\u00e9curit\u00e9 int\u00e9rieure, Wassini Bouazza, \u00e0 savoir 16 ans de r\u00e9clusion criminelle. Il en est de m\u00eame pour cinq autres de ses subordonn\u00e9s, tous des officiers, [&hellip;]<\/p>\n","protected":false},"author":1743,"featured_media":0,"comment_status":"closed","ping_status":"closed","sticky":false,"template":"","format":"standard","meta":{"fifu_image_url":"https:\/\/www.elwatan.com\/wp-content\/themes\/spectr\/img\/default-picture-709x366_c.jpg","fifu_image_alt":"Tribunal militaire de Blida : la cour d\u2019appel confirme les 16 ans de r\u00e9clusion contre Bouazza","footnotes":""},"categories":[73,53],"tags":[],"class_list":["post-127352","post","type-post","status-publish","format-standard","hentry","category-actualite","category-algerie"],"_links":{"self":[{"href":"https:\/\/linitiative.ca\/International\/wp-json\/wp\/v2\/posts\/127352","targetHints":{"allow":["GET"]}}],"collection":[{"href":"https:\/\/linitiative.ca\/International\/wp-json\/wp\/v2\/posts"}],"about":[{"href":"https:\/\/linitiative.ca\/International\/wp-json\/wp\/v2\/types\/post"}],"author":[{"embeddable":true,"href":"https:\/\/linitiative.ca\/International\/wp-json\/wp\/v2\/users\/1743"}],"replies":[{"embeddable":true,"href":"https:\/\/linitiative.ca\/International\/wp-json\/wp\/v2\/comments?post=127352"}],"version-history":[{"count":0,"href":"https:\/\/linitiative.ca\/International\/wp-json\/wp\/v2\/posts\/127352\/revisions"}],"wp:attachment":[{"href":"https:\/\/linitiative.ca\/International\/wp-json\/wp\/v2\/media?parent=127352"}],"wp:term":[{"taxonomy":"category","embeddable":true,"href":"https:\/\/linitiative.ca\/International\/wp-json\/wp\/v2\/categories?post=127352"},{"taxonomy":"post_tag","embeddable":true,"href":"https:\/\/linitiative.ca\/International\/wp-json\/wp\/v2\/tags?post=127352"}],"curies":[{"name":"wp","href":"https:\/\/api.w.org\/{rel}","templated":true}]}}