{"id":127354,"date":"2021-09-17T12:24:23","date_gmt":"2021-09-17T16:24:23","guid":{"rendered":"https:\/\/linitiative.ca\/International\/elections-locales-le-rcd-opte-pour-le-boycott\/"},"modified":"2021-09-17T12:24:23","modified_gmt":"2021-09-17T16:24:23","slug":"elections-locales-le-rcd-opte-pour-le-boycott","status":"publish","type":"post","link":"https:\/\/linitiative.ca\/International\/elections-locales-le-rcd-opte-pour-le-boycott\/","title":{"rendered":"Elections locales : Le RCD opte pour le boycott"},"content":{"rendered":"<div>\n<div class=\"sriret\"><img decoding=\"async\" src=\"https:\/\/linitiative.ca\/International\/wp-content\/uploads\/sites\/23\/2021\/09\/default-picture-709x366_c-56.jpg\"><\/div>\n<ol>\n<li>Le Rassemblement pour la culture et la d\u00e9mocratie (RCD) ne participera pas aux prochaines \u00e9lections locales anticip\u00e9es, programm\u00e9es pour le 27 novembre prochain.<\/li>\n<\/ol>\n<p>\u00a0<\/p>\n<p>Le conseil national du parti, r\u00e9uni aujourd\u2019hui, vendredi 17 septembre, \u00e0 Alger, s\u2019est prononc\u00e9 \u00e0 la majorit\u00e9 pour le boycott de cette \u00e9ch\u00e9ance (77 voix contre 28 favorables \u00e0 la participation).<\/p>\n<p>Cette d\u00e9cision, annonc\u00e9e en fin d\u2019apr\u00e8s-midi, a \u00e9t\u00e9 prise apr\u00e8s plusieurs heures de d\u00e9bats, o\u00f9 les membres de cette instance supr\u00eame du parti ont pass\u00e9 en revu les arguments politiques concernant la participation ou non \u00e0 cette joute politique. Dans son allocution, prononc\u00e9e \u00e0 l\u2019ouverture des travaux du conseil national, le pr\u00e9sident du parti, Mohcine Belabbas, a s\u00e9ri\u00e9 les irr\u00e9gularit\u00e9s concernant cette \u00e9lection.<\/p>\n<p>Outre la situation sanitaire que traverse le pays, il d\u00e9nonce \u00ab les multiples violations de la constitution de la part du pouvoir en place \u00bb qui n\u2019a pas, selon lui, \u00ab respect\u00e9 sa propre constitution qui l\u2019oblige \u00e0 pr\u00e9senter l\u2019ordonnance pr\u00e9sidentielle portant amendement du code \u00e9lectoral \u00e0 l\u2019APN pour adoption \u00bb.<\/p>\n<p>L\u2019article <a rel=\"nofollow\" href=\"https:\/\/www.elwatan.com\/edition\/actualite\/elections-locales-le-rcd-opte-pour-le-boycott-17-09-2021\">Elections locales : Le RCD opte pour le boycott<\/a> est apparu en premier sur <a rel=\"nofollow\" href=\"https:\/\/www.elwatan.com\/\">El Watan<\/a>.<\/p>\n<\/div>\n<p>Auteur: Abdelghani Aichoun<br \/>\n<a href=\"https:\/\/www.elwatan.com\/edition\/actualite\/elections-locales-le-rcd-opte-pour-le-boycott-17-09-2021\">Cliquez ici pour lire l&rsquo;article depuis sa source.<\/a><\/p>\n","protected":false},"excerpt":{"rendered":"<p>Le Rassemblement pour la culture et la d\u00e9mocratie (RCD) ne participera pas aux prochaines \u00e9lections locales anticip\u00e9es, programm\u00e9es pour le 27 novembre prochain. \u00a0 Le conseil national du parti, r\u00e9uni aujourd\u2019hui, vendredi 17 septembre, \u00e0 Alger, s\u2019est prononc\u00e9 \u00e0 la majorit\u00e9 pour le boycott de cette \u00e9ch\u00e9ance (77 voix contre 28 favorables \u00e0 la participation). [&hellip;]<\/p>\n","protected":false},"author":1743,"featured_media":0,"comment_status":"closed","ping_status":"closed","sticky":false,"template":"","format":"standard","meta":{"fifu_image_url":"https:\/\/www.elwatan.com\/wp-content\/themes\/spectr\/img\/default-picture-709x366_c.jpg","fifu_image_alt":"Elections locales : Le RCD opte pour le boycott","footnotes":""},"categories":[73,53],"tags":[],"class_list":["post-127354","post","type-post","status-publish","format-standard","hentry","category-actualite","category-algerie"],"_links":{"self":[{"href":"https:\/\/linitiative.ca\/International\/wp-json\/wp\/v2\/posts\/127354","targetHints":{"allow":["GET"]}}],"collection":[{"href":"https:\/\/linitiative.ca\/International\/wp-json\/wp\/v2\/posts"}],"about":[{"href":"https:\/\/linitiative.ca\/International\/wp-json\/wp\/v2\/types\/post"}],"author":[{"embeddable":true,"href":"https:\/\/linitiative.ca\/International\/wp-json\/wp\/v2\/users\/1743"}],"replies":[{"embeddable":true,"href":"https:\/\/linitiative.ca\/International\/wp-json\/wp\/v2\/comments?post=127354"}],"version-history":[{"count":0,"href":"https:\/\/linitiative.ca\/International\/wp-json\/wp\/v2\/posts\/127354\/revisions"}],"wp:attachment":[{"href":"https:\/\/linitiative.ca\/International\/wp-json\/wp\/v2\/media?parent=127354"}],"wp:term":[{"taxonomy":"category","embeddable":true,"href":"https:\/\/linitiative.ca\/International\/wp-json\/wp\/v2\/categories?post=127354"},{"taxonomy":"post_tag","embeddable":true,"href":"https:\/\/linitiative.ca\/International\/wp-json\/wp\/v2\/tags?post=127354"}],"curies":[{"name":"wp","href":"https:\/\/api.w.org\/{rel}","templated":true}]}}