{"id":127358,"date":"2021-09-17T05:57:00","date_gmt":"2021-09-17T09:57:00","guid":{"rendered":"https:\/\/linitiative.ca\/International\/un-sommet-de-la-francophonie-en-tunisie-pour-quoi-faire\/"},"modified":"2021-09-17T05:57:00","modified_gmt":"2021-09-17T09:57:00","slug":"un-sommet-de-la-francophonie-en-tunisie-pour-quoi-faire","status":"publish","type":"post","link":"https:\/\/linitiative.ca\/International\/un-sommet-de-la-francophonie-en-tunisie-pour-quoi-faire\/","title":{"rendered":"Un sommet de la Francophonie en Tunisie, pour quoi faire?"},"content":{"rendered":"<div><img decoding=\"async\" src=\"https:\/\/linitiative.ca\/International\/wp-content\/uploads\/sites\/23\/2021\/09\/1631873697_article.jpg\" alt=\"Un sommet de la Francophonie en Tunisie, pour quoi faire?\" align=\"left\">Par Ferid Memmich &#8211; La Tunisie accueillera les 20 et 21 novembre prochain \u00e0 l\u2019\u00eele de Djerba le 18e sommet de la Francophonie qui aura pour th\u00e8me : \u00ab La connectivit\u00e9 dans la diversit\u00e9 : le num\u00e9rique, vecteur de d\u00e9veloppement et de solidarit\u00e9 dans l\u2019espace francophone \u00bb. Cette conf\u00e9rence des chefs d\u2019\u00c9tat et de gouvernement ayant le fran\u00e7ais en partage sera pr\u00e9c\u00e9d\u00e9e de la tenue, le 19 novembre 2021, de la 38e session de la Conf\u00e9rence minist\u00e9rielle de la Francophonie (CMF). De nombreux autres \u00e9v\u00e8nements sont pr\u00e9vus en marge du sommet, notamment le Village de la Francophonie ainsi que le Forum \u00e9conomique francophone. Analyse.<br \/>\nAu 16e Sommet de la Francophonie de 2016, &#8230;<\/p>\n<\/div>\n<p>Auteur:<br \/>\n<a href=\"https:\/\/www.leaders.com.tn\/article\/32424-un-sommet-de-la-francophonie-en-tunisie-pour-quoi-faire\">Cliquez ici pour lire l&rsquo;article depuis sa source.<\/a><\/p>\n","protected":false},"excerpt":{"rendered":"<p>Par Ferid Memmich &#8211; La Tunisie accueillera les 20 et 21 novembre prochain \u00e0 l\u2019\u00eele de Djerba le 18e sommet de la Francophonie qui aura pour th\u00e8me : \u00ab La connectivit\u00e9 dans la diversit\u00e9 : le num\u00e9rique, vecteur de d\u00e9veloppement et de solidarit\u00e9 dans l\u2019espace francophone \u00bb. Cette conf\u00e9rence des chefs d\u2019\u00c9tat et de gouvernement [&hellip;]<\/p>\n","protected":false},"author":1772,"featured_media":0,"comment_status":"closed","ping_status":"closed","sticky":false,"template":"","format":"standard","meta":{"fifu_image_url":"http:\/\/www.leaders.com.tn\/uploads\/content\/thumbnails_small\/1631873697_article.jpg","fifu_image_alt":"Un sommet de la Francophonie en Tunisie, pour quoi faire?","footnotes":""},"categories":[73,55],"tags":[],"class_list":["post-127358","post","type-post","status-publish","format-standard","hentry","category-actualite","category-tunisie"],"_links":{"self":[{"href":"https:\/\/linitiative.ca\/International\/wp-json\/wp\/v2\/posts\/127358","targetHints":{"allow":["GET"]}}],"collection":[{"href":"https:\/\/linitiative.ca\/International\/wp-json\/wp\/v2\/posts"}],"about":[{"href":"https:\/\/linitiative.ca\/International\/wp-json\/wp\/v2\/types\/post"}],"author":[{"embeddable":true,"href":"https:\/\/linitiative.ca\/International\/wp-json\/wp\/v2\/users\/1772"}],"replies":[{"embeddable":true,"href":"https:\/\/linitiative.ca\/International\/wp-json\/wp\/v2\/comments?post=127358"}],"version-history":[{"count":0,"href":"https:\/\/linitiative.ca\/International\/wp-json\/wp\/v2\/posts\/127358\/revisions"}],"wp:attachment":[{"href":"https:\/\/linitiative.ca\/International\/wp-json\/wp\/v2\/media?parent=127358"}],"wp:term":[{"taxonomy":"category","embeddable":true,"href":"https:\/\/linitiative.ca\/International\/wp-json\/wp\/v2\/categories?post=127358"},{"taxonomy":"post_tag","embeddable":true,"href":"https:\/\/linitiative.ca\/International\/wp-json\/wp\/v2\/tags?post=127358"}],"curies":[{"name":"wp","href":"https:\/\/api.w.org\/{rel}","templated":true}]}}