{"id":127364,"date":"2021-09-17T15:15:54","date_gmt":"2021-09-17T19:15:54","guid":{"rendered":"https:\/\/linitiative.ca\/International\/conseil-des-regions-karim-achengli-du-rni-elu-president-de-la-region-souss-massa\/"},"modified":"2021-09-17T15:15:54","modified_gmt":"2021-09-17T19:15:54","slug":"conseil-des-regions-karim-achengli-du-rni-elu-president-de-la-region-souss-massa","status":"publish","type":"post","link":"https:\/\/linitiative.ca\/International\/conseil-des-regions-karim-achengli-du-rni-elu-president-de-la-region-souss-massa\/","title":{"rendered":"Conseil des r\u00e9gions. Karim Achengli du RNI \u00e9lu pr\u00e9sident de la r\u00e9gion Souss-Massa"},"content":{"rendered":"<div><img decoding=\"async\" width=\"1200\" height=\"600\" src=\"https:\/\/linitiative.ca\/International\/wp-content\/uploads\/sites\/23\/2021\/09\/Karim-Achengli.jpeg\" class=\"attachment-post-thumbnail size-post-thumbnail wp-post-image\" alt=\"\" loading=\"lazy\" srcset=\"https:\/\/linitiative.ca\/International\/wp-content\/uploads\/sites\/23\/2021\/09\/Karim-Achengli.jpeg 1200w, https:\/\/www.challenge.ma\/wp-content\/uploads\/2021\/09\/Karim-Achengli-300x150.jpeg 300w, https:\/\/www.challenge.ma\/wp-content\/uploads\/2021\/09\/Karim-Achengli-1024x512.jpeg 1024w, https:\/\/www.challenge.ma\/wp-content\/uploads\/2021\/09\/Karim-Achengli-768x384.jpeg 768w, https:\/\/www.challenge.ma\/wp-content\/uploads\/2021\/09\/Karim-Achengli-360x180.jpeg 360w, https:\/\/www.challenge.ma\/wp-content\/uploads\/2021\/09\/Karim-Achengli-750x375.jpeg 750w\" sizes=\"auto, (max-width: 1200px) 100vw, 1200px\" itemprop=\"image\">Karim Achengli du Rassemblement National des Ind\u00e9pendants (RNI) a \u00e9t\u00e9 \u00e9lu le 17 septembre, \u00e0 l\u2019unanimit\u00e9, pr\u00e9sident du Conseil de la r\u00e9gion Souss-Massa.Karim Achengli a obtenu les 57 voix que compte le Conseil r\u00e9gional. Lors d\u2019une session pl\u00e9ni\u00e8re \u00e0 laquelle ont assist\u00e9 les repr\u00e9sentants des autorit\u00e9s locales, il a \u00e9t\u00e9<\/div>\n<p>Auteur: challenge<br \/>\n<a href=\"https:\/\/www.challenge.ma\/conseil-des-regions-karim-achengli-du-rni-elu-president-de-la-region-souss-massa-221178\/\">Cliquez ici pour lire l&rsquo;article depuis sa source.<\/a><\/p>\n","protected":false},"excerpt":{"rendered":"<p>Karim Achengli du Rassemblement National des Ind\u00e9pendants (RNI) a \u00e9t\u00e9 \u00e9lu le 17 septembre, \u00e0 l\u2019unanimit\u00e9, pr\u00e9sident du Conseil de la r\u00e9gion Souss-Massa.Karim Achengli a obtenu les 57 voix que compte le Conseil r\u00e9gional. Lors d\u2019une session pl\u00e9ni\u00e8re \u00e0 laquelle ont assist\u00e9 les repr\u00e9sentants des autorit\u00e9s locales, il a \u00e9t\u00e9 Auteur: challenge Cliquez ici pour [&hellip;]<\/p>\n","protected":false},"author":1787,"featured_media":0,"comment_status":"closed","ping_status":"closed","sticky":false,"template":"","format":"standard","meta":{"fifu_image_url":"https:\/\/www.challenge.ma\/wp-content\/uploads\/2021\/09\/Karim-Achengli.jpeg","fifu_image_alt":"Conseil des r\u00e9gions. Karim Achengli du RNI \u00e9lu pr\u00e9sident de la r\u00e9gion Souss-Massa","footnotes":""},"categories":[78,54],"tags":[],"class_list":["post-127364","post","type-post","status-publish","format-standard","hentry","category-economie","category-maroc"],"_links":{"self":[{"href":"https:\/\/linitiative.ca\/International\/wp-json\/wp\/v2\/posts\/127364","targetHints":{"allow":["GET"]}}],"collection":[{"href":"https:\/\/linitiative.ca\/International\/wp-json\/wp\/v2\/posts"}],"about":[{"href":"https:\/\/linitiative.ca\/International\/wp-json\/wp\/v2\/types\/post"}],"author":[{"embeddable":true,"href":"https:\/\/linitiative.ca\/International\/wp-json\/wp\/v2\/users\/1787"}],"replies":[{"embeddable":true,"href":"https:\/\/linitiative.ca\/International\/wp-json\/wp\/v2\/comments?post=127364"}],"version-history":[{"count":0,"href":"https:\/\/linitiative.ca\/International\/wp-json\/wp\/v2\/posts\/127364\/revisions"}],"wp:attachment":[{"href":"https:\/\/linitiative.ca\/International\/wp-json\/wp\/v2\/media?parent=127364"}],"wp:term":[{"taxonomy":"category","embeddable":true,"href":"https:\/\/linitiative.ca\/International\/wp-json\/wp\/v2\/categories?post=127364"},{"taxonomy":"post_tag","embeddable":true,"href":"https:\/\/linitiative.ca\/International\/wp-json\/wp\/v2\/tags?post=127364"}],"curies":[{"name":"wp","href":"https:\/\/api.w.org\/{rel}","templated":true}]}}