{"id":127366,"date":"2021-09-17T15:36:35","date_gmt":"2021-09-17T19:36:35","guid":{"rendered":"https:\/\/linitiative.ca\/International\/nouveau-gouvernement-le-pam-dit-oui-a-aziz-akhannouch\/"},"modified":"2021-09-17T15:36:35","modified_gmt":"2021-09-17T19:36:35","slug":"nouveau-gouvernement-le-pam-dit-oui-a-aziz-akhannouch","status":"publish","type":"post","link":"https:\/\/linitiative.ca\/International\/nouveau-gouvernement-le-pam-dit-oui-a-aziz-akhannouch\/","title":{"rendered":"Nouveau gouvernement. Le PAM dit oui \u00e0 Aziz Akhannouch"},"content":{"rendered":"<div><img decoding=\"async\" width=\"400\" height=\"309\" src=\"https:\/\/linitiative.ca\/International\/wp-content\/uploads\/sites\/23\/2021\/09\/Abdellatif-Ouahbi.jpg\" class=\"attachment-post-thumbnail size-post-thumbnail wp-post-image\" alt=\"\" loading=\"lazy\" srcset=\"https:\/\/linitiative.ca\/International\/wp-content\/uploads\/sites\/23\/2021\/09\/Abdellatif-Ouahbi.jpg 400w, https:\/\/www.challenge.ma\/wp-content\/uploads\/2021\/09\/Abdellatif-Ouahbi-300x232.jpg 300w, https:\/\/www.challenge.ma\/wp-content\/uploads\/2021\/09\/Abdellatif-Ouahbi-360x278.jpg 360w\" sizes=\"auto, (max-width: 400px) 100vw, 400px\" itemprop=\"image\">Le PAM (Parti Authenticit\u00e9 et Modernit\u00e9) devrait faire son entr\u00e9e au gouvernement. Le parti a indiqu\u00e9, \u00e0 l\u2019issu de la r\u00e9union de son Conseil National, qu\u2019il accepte la proposition du Chef de gouvernement d\u00e9sign\u00e9, Aziz Akhannouch. \u00ab\u00a0Le PAM, apr\u00e8s consultation et validation de la majorit\u00e9 des membres du conseil national<\/div>\n<p>Auteur: challenge<br \/>\n<a href=\"https:\/\/www.challenge.ma\/nouveau-gouvernement-le-pam-dit-oui-a-aziz-akhannouch-221186\/\">Cliquez ici pour lire l&rsquo;article depuis sa source.<\/a><\/p>\n","protected":false},"excerpt":{"rendered":"<p>Le PAM (Parti Authenticit\u00e9 et Modernit\u00e9) devrait faire son entr\u00e9e au gouvernement. Le parti a indiqu\u00e9, \u00e0 l\u2019issu de la r\u00e9union de son Conseil National, qu\u2019il accepte la proposition du Chef de gouvernement d\u00e9sign\u00e9, Aziz Akhannouch. \u00ab\u00a0Le PAM, apr\u00e8s consultation et validation de la majorit\u00e9 des membres du conseil national Auteur: challenge Cliquez ici pour [&hellip;]<\/p>\n","protected":false},"author":1787,"featured_media":0,"comment_status":"closed","ping_status":"closed","sticky":false,"template":"","format":"standard","meta":{"fifu_image_url":"https:\/\/www.challenge.ma\/wp-content\/uploads\/2021\/09\/Abdellatif-Ouahbi.jpg","fifu_image_alt":"Nouveau gouvernement. Le PAM dit oui \u00e0 Aziz Akhannouch","footnotes":""},"categories":[78,54],"tags":[],"class_list":["post-127366","post","type-post","status-publish","format-standard","hentry","category-economie","category-maroc"],"_links":{"self":[{"href":"https:\/\/linitiative.ca\/International\/wp-json\/wp\/v2\/posts\/127366","targetHints":{"allow":["GET"]}}],"collection":[{"href":"https:\/\/linitiative.ca\/International\/wp-json\/wp\/v2\/posts"}],"about":[{"href":"https:\/\/linitiative.ca\/International\/wp-json\/wp\/v2\/types\/post"}],"author":[{"embeddable":true,"href":"https:\/\/linitiative.ca\/International\/wp-json\/wp\/v2\/users\/1787"}],"replies":[{"embeddable":true,"href":"https:\/\/linitiative.ca\/International\/wp-json\/wp\/v2\/comments?post=127366"}],"version-history":[{"count":0,"href":"https:\/\/linitiative.ca\/International\/wp-json\/wp\/v2\/posts\/127366\/revisions"}],"wp:attachment":[{"href":"https:\/\/linitiative.ca\/International\/wp-json\/wp\/v2\/media?parent=127366"}],"wp:term":[{"taxonomy":"category","embeddable":true,"href":"https:\/\/linitiative.ca\/International\/wp-json\/wp\/v2\/categories?post=127366"},{"taxonomy":"post_tag","embeddable":true,"href":"https:\/\/linitiative.ca\/International\/wp-json\/wp\/v2\/tags?post=127366"}],"curies":[{"name":"wp","href":"https:\/\/api.w.org\/{rel}","templated":true}]}}