{"id":127368,"date":"2021-09-17T16:38:17","date_gmt":"2021-09-17T20:38:17","guid":{"rendered":"https:\/\/linitiative.ca\/International\/nasser-bourita-la-normalisation-des-relations-avec-israel-a-suscite-un-nouvel-espoir-et-ouvert-la-voie-a-un-elan-sans-precedent\/"},"modified":"2021-09-17T16:38:17","modified_gmt":"2021-09-17T20:38:17","slug":"nasser-bourita-la-normalisation-des-relations-avec-israel-a-suscite-un-nouvel-espoir-et-ouvert-la-voie-a-un-elan-sans-precedent","status":"publish","type":"post","link":"https:\/\/linitiative.ca\/International\/nasser-bourita-la-normalisation-des-relations-avec-israel-a-suscite-un-nouvel-espoir-et-ouvert-la-voie-a-un-elan-sans-precedent\/","title":{"rendered":"Nasser Bourita : \u00abLa normalisation des relations avec Isra\u00ebl a suscit\u00e9 un nouvel espoir et ouvert la voie \u00e0 un \u00e9lan sans pr\u00e9c\u00e9dent\u00bb"},"content":{"rendered":"<div><img decoding=\"async\" width=\"999\" height=\"666\" src=\"https:\/\/linitiative.ca\/International\/wp-content\/uploads\/sites\/23\/2021\/09\/bourita-irlande.jpg\" class=\"attachment-post-thumbnail size-post-thumbnail wp-post-image\" alt=\"\" loading=\"lazy\" srcset=\"https:\/\/linitiative.ca\/International\/wp-content\/uploads\/sites\/23\/2021\/09\/bourita-irlande.jpg 999w, https:\/\/www.challenge.ma\/wp-content\/uploads\/2021\/04\/bourita-irlande-300x200.jpg 300w, https:\/\/www.challenge.ma\/wp-content\/uploads\/2021\/04\/bourita-irlande-768x512.jpg 768w, https:\/\/www.challenge.ma\/wp-content\/uploads\/2021\/04\/bourita-irlande-360x240.jpg 360w, https:\/\/www.challenge.ma\/wp-content\/uploads\/2021\/04\/bourita-irlande-750x500.jpg 750w\" sizes=\"auto, (max-width: 999px) 100vw, 999px\" itemprop=\"image\">Lors d\u2019une conf\u00e9rence minist\u00e9rielle organis\u00e9e le 17 septembre par le D\u00e9partement d\u2019Etat am\u00e9ricain pour comm\u00e9morer le premier anniversaire des Accords d\u2019Abraham, le ministre des Affaires \u00e9trang\u00e8res, de la Coop\u00e9ration africaine et des Marocains r\u00e9sidant \u00e0 l\u2019\u00e9tranger, Nasser Bourita, a r\u00e9it\u00e9r\u00e9 l\u2019engagement in\u00e9branlable du Royaume en faveur de la paix r\u00e9gionale.<\/div>\n<p>Auteur: challenge<br \/>\n<a href=\"https:\/\/www.challenge.ma\/nasser-bourita-ministre-des-affaires-etrangeres-la-normalisation-des-relations-avec-israel-a-suscite-un-nouvel-espoir-et-ouvert-la-voie-a-un-elan-sans-precedent-221190\/\">Cliquez ici pour lire l&rsquo;article depuis sa source.<\/a><\/p>\n","protected":false},"excerpt":{"rendered":"<p>Lors d\u2019une conf\u00e9rence minist\u00e9rielle organis\u00e9e le 17 septembre par le D\u00e9partement d\u2019Etat am\u00e9ricain pour comm\u00e9morer le premier anniversaire des Accords d\u2019Abraham, le ministre des Affaires \u00e9trang\u00e8res, de la Coop\u00e9ration africaine et des Marocains r\u00e9sidant \u00e0 l\u2019\u00e9tranger, Nasser Bourita, a r\u00e9it\u00e9r\u00e9 l\u2019engagement in\u00e9branlable du Royaume en faveur de la paix r\u00e9gionale. Auteur: challenge Cliquez ici pour [&hellip;]<\/p>\n","protected":false},"author":1787,"featured_media":0,"comment_status":"closed","ping_status":"closed","sticky":false,"template":"","format":"standard","meta":{"fifu_image_url":"https:\/\/www.challenge.ma\/wp-content\/uploads\/2021\/04\/bourita-irlande.jpg","fifu_image_alt":"Nasser Bourita : \u00abLa normalisation des relations avec Isra\u00ebl a suscit\u00e9 un nouvel espoir et ouvert la voie \u00e0 un \u00e9lan sans pr\u00e9c\u00e9dent\u00bb","footnotes":""},"categories":[78,54],"tags":[],"class_list":["post-127368","post","type-post","status-publish","format-standard","hentry","category-economie","category-maroc"],"_links":{"self":[{"href":"https:\/\/linitiative.ca\/International\/wp-json\/wp\/v2\/posts\/127368","targetHints":{"allow":["GET"]}}],"collection":[{"href":"https:\/\/linitiative.ca\/International\/wp-json\/wp\/v2\/posts"}],"about":[{"href":"https:\/\/linitiative.ca\/International\/wp-json\/wp\/v2\/types\/post"}],"author":[{"embeddable":true,"href":"https:\/\/linitiative.ca\/International\/wp-json\/wp\/v2\/users\/1787"}],"replies":[{"embeddable":true,"href":"https:\/\/linitiative.ca\/International\/wp-json\/wp\/v2\/comments?post=127368"}],"version-history":[{"count":0,"href":"https:\/\/linitiative.ca\/International\/wp-json\/wp\/v2\/posts\/127368\/revisions"}],"wp:attachment":[{"href":"https:\/\/linitiative.ca\/International\/wp-json\/wp\/v2\/media?parent=127368"}],"wp:term":[{"taxonomy":"category","embeddable":true,"href":"https:\/\/linitiative.ca\/International\/wp-json\/wp\/v2\/categories?post=127368"},{"taxonomy":"post_tag","embeddable":true,"href":"https:\/\/linitiative.ca\/International\/wp-json\/wp\/v2\/tags?post=127368"}],"curies":[{"name":"wp","href":"https:\/\/api.w.org\/{rel}","templated":true}]}}