{"id":127370,"date":"2021-09-17T14:22:31","date_gmt":"2021-09-17T18:22:31","guid":{"rendered":"https:\/\/linitiative.ca\/International\/tunisie-nouveau-chef-daccusation-a-lencontre-de-seifeddine-makhlouf\/"},"modified":"2021-09-17T14:22:31","modified_gmt":"2021-09-17T18:22:31","slug":"tunisie-nouveau-chef-daccusation-a-lencontre-de-seifeddine-makhlouf","status":"publish","type":"post","link":"https:\/\/linitiative.ca\/International\/tunisie-nouveau-chef-daccusation-a-lencontre-de-seifeddine-makhlouf\/","title":{"rendered":"Tunisie \u2013 Nouveau chef d\u2019accusation \u00e0 l\u2019encontre de Seifeddine Makhlouf"},"content":{"rendered":"<div>\n<p>Le substitut du procureur de la R\u00e9publique du tribunal de premi\u00e8re instance de Kasserine, Chawki Bouazzi, a affirm\u00e9, ce vendredi, que le d\u00e9put\u00e9 gel\u00e9, Seifeddine Makhlouf, fait l\u2019objet de poursuites judiciaires, dans une nouvelle affaire, en rapport avec la constitution d\u2019un gang pour trafic de fausse monnaie. Selon le magistrat, plusieurs pr\u00e9venus dans cette affaire [\u2026]<\/p>\n<p>L\u2019article <a href=\"https:\/\/www.tunisienumerique.com\/tunisie-nouveau-chef-daccusation-a-lencontre-de-seifeddine-makhlouf\/\">Tunisie \u2013 Nouveau chef d\u2019accusation \u00e0 l\u2019encontre de Seifeddine Makhlouf<\/a> est apparu en premier sur <a href=\"https:\/\/www.tunisienumerique.com\/\">Tunisie<\/a>.<\/p>\n<\/div>\n<p>Auteur: LM<br \/>\n<a href=\"https:\/\/www.tunisienumerique.com\/tunisie-nouveau-chef-daccusation-a-lencontre-de-seifeddine-makhlouf\/\">Cliquez ici pour lire l&rsquo;article depuis sa source.<\/a><\/p>\n","protected":false},"excerpt":{"rendered":"<p>Le substitut du procureur de la R\u00e9publique du tribunal de premi\u00e8re instance de Kasserine, Chawki Bouazzi, a affirm\u00e9, ce vendredi, que le d\u00e9put\u00e9 gel\u00e9, Seifeddine Makhlouf, fait l\u2019objet de poursuites judiciaires, dans une nouvelle affaire, en rapport avec la constitution d\u2019un gang pour trafic de fausse monnaie. Selon le magistrat, plusieurs pr\u00e9venus dans cette affaire [&hellip;]<\/p>\n","protected":false},"author":1789,"featured_media":0,"comment_status":"closed","ping_status":"closed","sticky":false,"template":"","format":"standard","meta":{"fifu_image_url":"","fifu_image_alt":"","footnotes":""},"categories":[73,55],"tags":[],"class_list":["post-127370","post","type-post","status-publish","format-standard","hentry","category-actualite","category-tunisie"],"_links":{"self":[{"href":"https:\/\/linitiative.ca\/International\/wp-json\/wp\/v2\/posts\/127370","targetHints":{"allow":["GET"]}}],"collection":[{"href":"https:\/\/linitiative.ca\/International\/wp-json\/wp\/v2\/posts"}],"about":[{"href":"https:\/\/linitiative.ca\/International\/wp-json\/wp\/v2\/types\/post"}],"author":[{"embeddable":true,"href":"https:\/\/linitiative.ca\/International\/wp-json\/wp\/v2\/users\/1789"}],"replies":[{"embeddable":true,"href":"https:\/\/linitiative.ca\/International\/wp-json\/wp\/v2\/comments?post=127370"}],"version-history":[{"count":0,"href":"https:\/\/linitiative.ca\/International\/wp-json\/wp\/v2\/posts\/127370\/revisions"}],"wp:attachment":[{"href":"https:\/\/linitiative.ca\/International\/wp-json\/wp\/v2\/media?parent=127370"}],"wp:term":[{"taxonomy":"category","embeddable":true,"href":"https:\/\/linitiative.ca\/International\/wp-json\/wp\/v2\/categories?post=127370"},{"taxonomy":"post_tag","embeddable":true,"href":"https:\/\/linitiative.ca\/International\/wp-json\/wp\/v2\/tags?post=127370"}],"curies":[{"name":"wp","href":"https:\/\/api.w.org\/{rel}","templated":true}]}}