{"id":127371,"date":"2021-09-17T14:33:13","date_gmt":"2021-09-17T18:33:13","guid":{"rendered":"https:\/\/linitiative.ca\/International\/tunisie-saied-seuls-seront-interdits-de-voyager-ces-personnes\/"},"modified":"2021-09-17T14:33:13","modified_gmt":"2021-09-17T18:33:13","slug":"tunisie-saied-seuls-seront-interdits-de-voyager-ces-personnes","status":"publish","type":"post","link":"https:\/\/linitiative.ca\/International\/tunisie-saied-seuls-seront-interdits-de-voyager-ces-personnes\/","title":{"rendered":"Tunisie \u2013 Sa\u00efed\u00a0: Seuls seront interdits de voyager ces personnes\u00a0!"},"content":{"rendered":"<div>\n<p>Le pr\u00e9sident de la R\u00e9publique a donn\u00e9 ses consignes, ce vendredi, au ministre charg\u00e9 du minist\u00e8re de l\u2019int\u00e9rieur, Ridha Gharsallaoui, de ne plus emp\u00eacher les citoyens de voyager, sauf pour ceux faisant l\u2019objet de mandats d\u2019amener ou de d\u00e9p\u00f4t en prison, ou sous le coup d\u2019avis de recherche.<\/p>\n<p>L\u2019article <a href=\"https:\/\/www.tunisienumerique.com\/tunisie-saied-seuls-seront-interdits-de-voyager-ces-personnes\/\">Tunisie \u2013 Sa\u00efed\u00a0: Seuls seront interdits de voyager ces personnes\u00a0!<\/a> est apparu en premier sur <a href=\"https:\/\/www.tunisienumerique.com\/\">Tunisie<\/a>.<\/p>\n<\/div>\n<p>Auteur: LM<br \/>\n<a href=\"https:\/\/www.tunisienumerique.com\/tunisie-saied-seuls-seront-interdits-de-voyager-ces-personnes\/\">Cliquez ici pour lire l&rsquo;article depuis sa source.<\/a><\/p>\n","protected":false},"excerpt":{"rendered":"<p>Le pr\u00e9sident de la R\u00e9publique a donn\u00e9 ses consignes, ce vendredi, au ministre charg\u00e9 du minist\u00e8re de l\u2019int\u00e9rieur, Ridha Gharsallaoui, de ne plus emp\u00eacher les citoyens de voyager, sauf pour ceux faisant l\u2019objet de mandats d\u2019amener ou de d\u00e9p\u00f4t en prison, ou sous le coup d\u2019avis de recherche. L\u2019article Tunisie \u2013 Sa\u00efed\u00a0: Seuls seront interdits [&hellip;]<\/p>\n","protected":false},"author":1789,"featured_media":0,"comment_status":"closed","ping_status":"closed","sticky":false,"template":"","format":"standard","meta":{"fifu_image_url":"","fifu_image_alt":"","footnotes":""},"categories":[73,55],"tags":[],"class_list":["post-127371","post","type-post","status-publish","format-standard","hentry","category-actualite","category-tunisie"],"_links":{"self":[{"href":"https:\/\/linitiative.ca\/International\/wp-json\/wp\/v2\/posts\/127371","targetHints":{"allow":["GET"]}}],"collection":[{"href":"https:\/\/linitiative.ca\/International\/wp-json\/wp\/v2\/posts"}],"about":[{"href":"https:\/\/linitiative.ca\/International\/wp-json\/wp\/v2\/types\/post"}],"author":[{"embeddable":true,"href":"https:\/\/linitiative.ca\/International\/wp-json\/wp\/v2\/users\/1789"}],"replies":[{"embeddable":true,"href":"https:\/\/linitiative.ca\/International\/wp-json\/wp\/v2\/comments?post=127371"}],"version-history":[{"count":0,"href":"https:\/\/linitiative.ca\/International\/wp-json\/wp\/v2\/posts\/127371\/revisions"}],"wp:attachment":[{"href":"https:\/\/linitiative.ca\/International\/wp-json\/wp\/v2\/media?parent=127371"}],"wp:term":[{"taxonomy":"category","embeddable":true,"href":"https:\/\/linitiative.ca\/International\/wp-json\/wp\/v2\/categories?post=127371"},{"taxonomy":"post_tag","embeddable":true,"href":"https:\/\/linitiative.ca\/International\/wp-json\/wp\/v2\/tags?post=127371"}],"curies":[{"name":"wp","href":"https:\/\/api.w.org\/{rel}","templated":true}]}}