{"id":127374,"date":"2021-09-17T15:57:20","date_gmt":"2021-09-17T19:57:20","guid":{"rendered":"https:\/\/linitiative.ca\/International\/apres-la-liberation-de-makhlouf-la-coordination-du-mouvement-du-25-juillet-appelle-a-une-reunion-durgence\/"},"modified":"2021-09-17T15:57:20","modified_gmt":"2021-09-17T19:57:20","slug":"apres-la-liberation-de-makhlouf-la-coordination-du-mouvement-du-25-juillet-appelle-a-une-reunion-durgence","status":"publish","type":"post","link":"https:\/\/linitiative.ca\/International\/apres-la-liberation-de-makhlouf-la-coordination-du-mouvement-du-25-juillet-appelle-a-une-reunion-durgence\/","title":{"rendered":"Apr\u00e8s la lib\u00e9ration de Makhlouf : La coordination du mouvement du 25 juillet appelle \u00e0 une r\u00e9union \u00ab d\u2019urgence \u00bb"},"content":{"rendered":"<div>\n<p>Suite \u00e0 la lib\u00e9ration de Seifeddine Makhlouf et \u00e0 l\u2019\u00e9coulement de 50 jours sans r\u00e9ponse aux revendications du 25 juillet, la coordination du mouvement du 25 juillet a annonc\u00e9, dans un communiqu\u00e9 rendu public ce soir, la tenue d\u2019une r\u00e9union d\u2019urgence via Clubhouse et les groupes de messagerie instantan\u00e9e. De m\u00eame, le mouvement a tenu [\u2026]<\/p>\n<p>L\u2019article <a href=\"https:\/\/www.tunisienumerique.com\/apres-la-liberation-de-makhlouf-la-coordination-du-mouvement-du-25-juillet-appelle-a-une-reunion-durgence\/\">Apr\u00e8s la lib\u00e9ration de Makhlouf : La coordination du mouvement du 25 juillet appelle \u00e0 une r\u00e9union \u00ab d\u2019urgence \u00bb<\/a> est apparu en premier sur <a href=\"https:\/\/www.tunisienumerique.com\/\">Tunisie<\/a>.<\/p>\n<\/div>\n<p>Auteur: rania ben slimane<br \/>\n<a href=\"https:\/\/www.tunisienumerique.com\/apres-la-liberation-de-makhlouf-la-coordination-du-mouvement-du-25-juillet-appelle-a-une-reunion-durgence\/\">Cliquez ici pour lire l&rsquo;article depuis sa source.<\/a><\/p>\n","protected":false},"excerpt":{"rendered":"<p>Suite \u00e0 la lib\u00e9ration de Seifeddine Makhlouf et \u00e0 l\u2019\u00e9coulement de 50 jours sans r\u00e9ponse aux revendications du 25 juillet, la coordination du mouvement du 25 juillet a annonc\u00e9, dans un communiqu\u00e9 rendu public ce soir, la tenue d\u2019une r\u00e9union d\u2019urgence via Clubhouse et les groupes de messagerie instantan\u00e9e. De m\u00eame, le mouvement a tenu [&hellip;]<\/p>\n","protected":false},"author":1789,"featured_media":0,"comment_status":"closed","ping_status":"closed","sticky":false,"template":"","format":"standard","meta":{"fifu_image_url":"","fifu_image_alt":"","footnotes":""},"categories":[73,55],"tags":[],"class_list":["post-127374","post","type-post","status-publish","format-standard","hentry","category-actualite","category-tunisie"],"_links":{"self":[{"href":"https:\/\/linitiative.ca\/International\/wp-json\/wp\/v2\/posts\/127374","targetHints":{"allow":["GET"]}}],"collection":[{"href":"https:\/\/linitiative.ca\/International\/wp-json\/wp\/v2\/posts"}],"about":[{"href":"https:\/\/linitiative.ca\/International\/wp-json\/wp\/v2\/types\/post"}],"author":[{"embeddable":true,"href":"https:\/\/linitiative.ca\/International\/wp-json\/wp\/v2\/users\/1789"}],"replies":[{"embeddable":true,"href":"https:\/\/linitiative.ca\/International\/wp-json\/wp\/v2\/comments?post=127374"}],"version-history":[{"count":0,"href":"https:\/\/linitiative.ca\/International\/wp-json\/wp\/v2\/posts\/127374\/revisions"}],"wp:attachment":[{"href":"https:\/\/linitiative.ca\/International\/wp-json\/wp\/v2\/media?parent=127374"}],"wp:term":[{"taxonomy":"category","embeddable":true,"href":"https:\/\/linitiative.ca\/International\/wp-json\/wp\/v2\/categories?post=127374"},{"taxonomy":"post_tag","embeddable":true,"href":"https:\/\/linitiative.ca\/International\/wp-json\/wp\/v2\/tags?post=127374"}],"curies":[{"name":"wp","href":"https:\/\/api.w.org\/{rel}","templated":true}]}}