{"id":127375,"date":"2021-09-17T06:16:14","date_gmt":"2021-09-17T10:16:14","guid":{"rendered":"https:\/\/linitiative.ca\/International\/cdp-luc-adolphe-tiao-rend-sa-demission-du-parti\/"},"modified":"2021-09-17T06:16:14","modified_gmt":"2021-09-17T10:16:14","slug":"cdp-luc-adolphe-tiao-rend-sa-demission-du-parti","status":"publish","type":"post","link":"https:\/\/linitiative.ca\/International\/cdp-luc-adolphe-tiao-rend-sa-demission-du-parti\/","title":{"rendered":"CDP: Luc Adolphe Tiao rend sa d\u00e9mission du parti"},"content":{"rendered":"<div>\n<p>L\u2019ancien premier ministre Luc Adolphe Tiao du dernier gouvernement du pr\u00e9sident d\u00e9chu Blaise Compaor\u00e9 a rendu jeudi 16 septembre 2021, sa d\u00e9mission du Congr\u00e8s pour la d\u00e9mocratie et le progr\u00e8s(CDP).\u00a0 C\u2019est dans une lettre qu\u2019 il \u00a0a inform\u00e9 de sa d\u00e9mission au pr\u00e9sident du parti, Eddie Komboigo. La direction politique nationale qui a re\u00e7u la lettre de d\u00e9mission de Tiao, dit attendre voir si celle-ci sera act\u00e9e.<\/p>\n<p>Candidat malheureux aux l\u00e9gislatives du 22 novembre 2020 au Sangui\u00e9, Adolphe Tiao \u00e9tait jusque-l\u00e0 membre du Haut Conseil du CDP et l\u2019un des plus \u00e9cout\u00e9s du pr\u00e9sident du parti Eddie KOMBOIGO<\/p>\n<p>\u00a0<\/p>\n<p>A.B<\/p>\n<p><strong>\u00a0<\/strong><\/p>\n<p>\u00a0\u00bb<\/p>\n<p>\u00a0<\/p>\n<p>L\u2019article <a rel=\"nofollow\" href=\"https:\/\/www.sidwaya.info\/blog\/2021\/09\/17\/cdp-luc-adolphe-tiao-rend-sa-demission-du-parti\/\">CDP: Luc Adolphe Tiao rend sa d\u00e9mission du parti<\/a> est apparu en premier sur <a rel=\"nofollow\" href=\"https:\/\/www.sidwaya.info\/\">Quotidien Sidwaya<\/a>.<\/p>\n<\/div>\n<p>Auteur: BANGRE SIDWAYA<br \/>\n<a href=\"https:\/\/www.sidwaya.info\/blog\/2021\/09\/17\/cdp-luc-adolphe-tiao-rend-sa-demission-du-parti\/\">Cliquez ici pour lire l&rsquo;article depuis sa source.<\/a><\/p>\n","protected":false},"excerpt":{"rendered":"<p>L\u2019ancien premier ministre Luc Adolphe Tiao du dernier gouvernement du pr\u00e9sident d\u00e9chu Blaise Compaor\u00e9 a rendu jeudi 16 septembre 2021, sa d\u00e9mission du Congr\u00e8s pour la d\u00e9mocratie et le progr\u00e8s(CDP).\u00a0 C\u2019est dans une lettre qu\u2019 il \u00a0a inform\u00e9 de sa d\u00e9mission au pr\u00e9sident du parti, Eddie Komboigo. La direction politique nationale qui a re\u00e7u la [&hellip;]<\/p>\n","protected":false},"author":1816,"featured_media":0,"comment_status":"closed","ping_status":"closed","sticky":false,"template":"","format":"standard","meta":{"fifu_image_url":"","fifu_image_alt":"","footnotes":""},"categories":[73,81],"tags":[],"class_list":["post-127375","post","type-post","status-publish","format-standard","hentry","category-actualite","category-burkina-faso"],"_links":{"self":[{"href":"https:\/\/linitiative.ca\/International\/wp-json\/wp\/v2\/posts\/127375","targetHints":{"allow":["GET"]}}],"collection":[{"href":"https:\/\/linitiative.ca\/International\/wp-json\/wp\/v2\/posts"}],"about":[{"href":"https:\/\/linitiative.ca\/International\/wp-json\/wp\/v2\/types\/post"}],"author":[{"embeddable":true,"href":"https:\/\/linitiative.ca\/International\/wp-json\/wp\/v2\/users\/1816"}],"replies":[{"embeddable":true,"href":"https:\/\/linitiative.ca\/International\/wp-json\/wp\/v2\/comments?post=127375"}],"version-history":[{"count":0,"href":"https:\/\/linitiative.ca\/International\/wp-json\/wp\/v2\/posts\/127375\/revisions"}],"wp:attachment":[{"href":"https:\/\/linitiative.ca\/International\/wp-json\/wp\/v2\/media?parent=127375"}],"wp:term":[{"taxonomy":"category","embeddable":true,"href":"https:\/\/linitiative.ca\/International\/wp-json\/wp\/v2\/categories?post=127375"},{"taxonomy":"post_tag","embeddable":true,"href":"https:\/\/linitiative.ca\/International\/wp-json\/wp\/v2\/tags?post=127375"}],"curies":[{"name":"wp","href":"https:\/\/api.w.org\/{rel}","templated":true}]}}