{"id":127376,"date":"2021-09-17T08:44:46","date_gmt":"2021-09-17T12:44:46","guid":{"rendered":"https:\/\/linitiative.ca\/International\/jacob-zuma-la-condamnation-a-la-prison-de-lancien-president-sud-africain-confirmee-par-la-cour-constitutionnelle\/"},"modified":"2021-09-17T08:44:46","modified_gmt":"2021-09-17T12:44:46","slug":"jacob-zuma-la-condamnation-a-la-prison-de-lancien-president-sud-africain-confirmee-par-la-cour-constitutionnelle","status":"publish","type":"post","link":"https:\/\/linitiative.ca\/International\/jacob-zuma-la-condamnation-a-la-prison-de-lancien-president-sud-africain-confirmee-par-la-cour-constitutionnelle\/","title":{"rendered":"Jacob Zuma\u00a0:\u00a0 La condamnation\u00a0\u00a0\u00e0\u00a0\u00a0la prison de l\u2019ancien president Sud-africain confirm\u00e9e par la cour constitutionnelle"},"content":{"rendered":"<div>\n<p>Ce vendredi 17 septembre 2021, la Cour constitutionnelle sud-africaine a cat\u00e9goriquement rejet\u00e9, la requ\u00eate de l\u2019ancien pr\u00e9sident Jacob Zuma qui lui demandait de revenir sur sa d\u00e9cision le condamnant \u00e0 15 mois de prison pour outrage \u00e0 la justice. Selon notre source, cette confirmation de la condamnation de Jacob Zuma ne remet pas en cause la lib\u00e9ration conditionnelle dont il a b\u00e9n\u00e9fici\u00e9 pour raisons m\u00e9dicales d\u00e9but septembre.<\/p>\n<p>Selon la juge Sisi Khampepe\u00a0la requ\u00eate en annulation est rejet\u00e9e.\u00a0\u00ab\u00a0La requ\u00eate en annulation est rejet\u00e9e\u00a0\u00bb, a d\u00e9clar\u00e9, donnant lecture de la d\u00e9cision de la plus haute juridiction du pays, qui qualifie de \u00ab\u00a0magouilles proc\u00e9duri\u00e8res\u00a0\u00bb la tentative de l\u2019ex-chef de l\u2019Etat et ses avocats de faire annuler sa condamnation.<strong>\u00a0<\/strong><\/p>\n<p>En rappel, incarc\u00e9r\u00e9 en juillet pour avoir obstin\u00e9ment refuser de compara\u00eetre devant une commission d\u2019enqu\u00eate sur la corruption d\u2019Etat sous sa pr\u00e9sidence (2009-2018), M. Zuma, 79 ans, est en libert\u00e9 conditionnelle pour raisons m\u00e9dicales depuis le d\u00e9but de ce mois de\u00a0septembre.<\/p>\n<p>A.B<\/p>\n<p>L\u2019article <a rel=\"nofollow\" href=\"https:\/\/www.sidwaya.info\/blog\/2021\/09\/17\/jacob-zuma-la-condamnation-a-la-prison-de-lancien-president-sud-africain-confirmee-par-la-cour-constitutionnelle\/\">Jacob Zuma\u00a0:\u00a0 La condamnation\u00a0\u00a0\u00e0\u00a0\u00a0la prison de l\u2019ancien president Sud-africain confirm\u00e9e par la cour constitutionnelle<\/a> est apparu en premier sur <a rel=\"nofollow\" href=\"https:\/\/www.sidwaya.info\/\">Quotidien Sidwaya<\/a>.<\/p>\n<\/div>\n<p>Auteur: BANGRE SIDWAYA<br \/>\n<a href=\"https:\/\/www.sidwaya.info\/blog\/2021\/09\/17\/jacob-zuma-la-condamnation-a-la-prison-de-lancien-president-sud-africain-confirmee-par-la-cour-constitutionnelle\/\">Cliquez ici pour lire l&rsquo;article depuis sa source.<\/a><\/p>\n","protected":false},"excerpt":{"rendered":"<p>Ce vendredi 17 septembre 2021, la Cour constitutionnelle sud-africaine a cat\u00e9goriquement rejet\u00e9, la requ\u00eate de l\u2019ancien pr\u00e9sident Jacob Zuma qui lui demandait de revenir sur sa d\u00e9cision le condamnant \u00e0 15 mois de prison pour outrage \u00e0 la justice. Selon notre source, cette confirmation de la condamnation de Jacob Zuma ne remet pas en cause [&hellip;]<\/p>\n","protected":false},"author":1816,"featured_media":0,"comment_status":"closed","ping_status":"closed","sticky":false,"template":"","format":"standard","meta":{"fifu_image_url":"","fifu_image_alt":"","footnotes":""},"categories":[73,81],"tags":[],"class_list":["post-127376","post","type-post","status-publish","format-standard","hentry","category-actualite","category-burkina-faso"],"_links":{"self":[{"href":"https:\/\/linitiative.ca\/International\/wp-json\/wp\/v2\/posts\/127376","targetHints":{"allow":["GET"]}}],"collection":[{"href":"https:\/\/linitiative.ca\/International\/wp-json\/wp\/v2\/posts"}],"about":[{"href":"https:\/\/linitiative.ca\/International\/wp-json\/wp\/v2\/types\/post"}],"author":[{"embeddable":true,"href":"https:\/\/linitiative.ca\/International\/wp-json\/wp\/v2\/users\/1816"}],"replies":[{"embeddable":true,"href":"https:\/\/linitiative.ca\/International\/wp-json\/wp\/v2\/comments?post=127376"}],"version-history":[{"count":0,"href":"https:\/\/linitiative.ca\/International\/wp-json\/wp\/v2\/posts\/127376\/revisions"}],"wp:attachment":[{"href":"https:\/\/linitiative.ca\/International\/wp-json\/wp\/v2\/media?parent=127376"}],"wp:term":[{"taxonomy":"category","embeddable":true,"href":"https:\/\/linitiative.ca\/International\/wp-json\/wp\/v2\/categories?post=127376"},{"taxonomy":"post_tag","embeddable":true,"href":"https:\/\/linitiative.ca\/International\/wp-json\/wp\/v2\/tags?post=127376"}],"curies":[{"name":"wp","href":"https:\/\/api.w.org\/{rel}","templated":true}]}}