{"id":127377,"date":"2021-09-17T10:45:06","date_gmt":"2021-09-17T14:45:06","guid":{"rendered":"https:\/\/linitiative.ca\/International\/audience-sergio-pimenta-de-la-societe-financiere-internationale-chez-roch-kabore\/"},"modified":"2021-09-17T10:45:06","modified_gmt":"2021-09-17T14:45:06","slug":"audience-sergio-pimenta-de-la-societe-financiere-internationale-chez-roch-kabore","status":"publish","type":"post","link":"https:\/\/linitiative.ca\/International\/audience-sergio-pimenta-de-la-societe-financiere-internationale-chez-roch-kabore\/","title":{"rendered":"Audience :\u00a0Sergio Pimenta de la Soci\u00e9t\u00e9 financi\u00e8re internationale chez  Roch Kabor\u00e9"},"content":{"rendered":"<div>\n<p>Le pr\u00e9sident du Faso, Roch Marc Christian Kabor\u00e9 a accord\u00e9 dans la matin\u00e9e de ce vendredi, 17 septembre 2021, une audience au vice-pr\u00e9sident r\u00e9gional pour l\u2019Afrique de la Soci\u00e9t\u00e9 financi\u00e8re internationale (SFI), Sergio Pimenta. Il s\u2019est agi, entre autres, de faire le point des op\u00e9rations de la SFI au Burkina et de discuter des diff\u00e9rentes opportunit\u00e9s pour soutenir le secteur priv\u00e9. \u00ab Nous avons eu l\u2019opportunit\u00e9 de faire le point des op\u00e9rations de la SFI ici au Burkina Faso et discut\u00e9 des diff\u00e9rentes opportunit\u00e9s pour soutenir le secteur priv\u00e9, notamment dans le domaine de l\u2019\u00e9nergie, de l\u2019\u00e9conomie num\u00e9rique, de la sant\u00e9, du soutien aux petites et moyennes entreprises \u00bb, a d\u00e9clar\u00e9 le vice-pr\u00e9sident r\u00e9gional de la SFI \u00e0 sa sortie d\u2019audience. Pour M. Pimenta, il s\u2019agit de voir (comment la SFI peut financer le priv\u00e9 burkinab\u00e8 et lui apporter des appuis conseils). Le vice-pr\u00e9sident r\u00e9gional pour l\u2019Afrique de la SFI au Burkina qui a \u00e9galement \u00e9chang\u00e9 avec des entreprises et des partenaires locaux, au cours de son s\u00e9jour, a inform\u00e9 le pr\u00e9sident Roch Kabor\u00e9, de l\u2019ouverture l\u2019ann\u00e9e derni\u00e8re d\u2019un bureau de la SFI \u00e0 Ouagadougou.<\/p>\n<p>A.B<\/p>\n<p>\u00a0<\/p>\n<p>L\u2019article <a rel=\"nofollow\" href=\"https:\/\/www.sidwaya.info\/blog\/2021\/09\/17\/audience-sergio-pimenta-de-la-societe-financiere-internationale-chez-roch-kabore\/\">Audience :\u00a0Sergio Pimenta de la Soci\u00e9t\u00e9 financi\u00e8re internationale chez  Roch Kabor\u00e9<\/a> est apparu en premier sur <a rel=\"nofollow\" href=\"https:\/\/www.sidwaya.info\/\">Quotidien Sidwaya<\/a>.<\/p>\n<\/div>\n<p>Auteur: BANGRE SIDWAYA<br \/>\n<a href=\"https:\/\/www.sidwaya.info\/blog\/2021\/09\/17\/audience-sergio-pimenta-de-la-societe-financiere-internationale-chez-roch-kabore\/\">Cliquez ici pour lire l&rsquo;article depuis sa source.<\/a><\/p>\n","protected":false},"excerpt":{"rendered":"<p>Le pr\u00e9sident du Faso, Roch Marc Christian Kabor\u00e9 a accord\u00e9 dans la matin\u00e9e de ce vendredi, 17 septembre 2021, une audience au vice-pr\u00e9sident r\u00e9gional pour l\u2019Afrique de la Soci\u00e9t\u00e9 financi\u00e8re internationale (SFI), Sergio Pimenta. Il s\u2019est agi, entre autres, de faire le point des op\u00e9rations de la SFI au Burkina et de discuter des diff\u00e9rentes [&hellip;]<\/p>\n","protected":false},"author":1816,"featured_media":0,"comment_status":"closed","ping_status":"closed","sticky":false,"template":"","format":"standard","meta":{"fifu_image_url":"","fifu_image_alt":"","footnotes":""},"categories":[73,81],"tags":[],"class_list":["post-127377","post","type-post","status-publish","format-standard","hentry","category-actualite","category-burkina-faso"],"_links":{"self":[{"href":"https:\/\/linitiative.ca\/International\/wp-json\/wp\/v2\/posts\/127377","targetHints":{"allow":["GET"]}}],"collection":[{"href":"https:\/\/linitiative.ca\/International\/wp-json\/wp\/v2\/posts"}],"about":[{"href":"https:\/\/linitiative.ca\/International\/wp-json\/wp\/v2\/types\/post"}],"author":[{"embeddable":true,"href":"https:\/\/linitiative.ca\/International\/wp-json\/wp\/v2\/users\/1816"}],"replies":[{"embeddable":true,"href":"https:\/\/linitiative.ca\/International\/wp-json\/wp\/v2\/comments?post=127377"}],"version-history":[{"count":0,"href":"https:\/\/linitiative.ca\/International\/wp-json\/wp\/v2\/posts\/127377\/revisions"}],"wp:attachment":[{"href":"https:\/\/linitiative.ca\/International\/wp-json\/wp\/v2\/media?parent=127377"}],"wp:term":[{"taxonomy":"category","embeddable":true,"href":"https:\/\/linitiative.ca\/International\/wp-json\/wp\/v2\/categories?post=127377"},{"taxonomy":"post_tag","embeddable":true,"href":"https:\/\/linitiative.ca\/International\/wp-json\/wp\/v2\/tags?post=127377"}],"curies":[{"name":"wp","href":"https:\/\/api.w.org\/{rel}","templated":true}]}}