{"id":127378,"date":"2021-09-17T11:13:12","date_gmt":"2021-09-17T15:13:12","guid":{"rendered":"https:\/\/linitiative.ca\/International\/sante-sexuelle-et-reproductive-des-jeunes-le-burkina-faso-a-sa-plateforme-share-net\/"},"modified":"2021-09-17T11:13:12","modified_gmt":"2021-09-17T15:13:12","slug":"sante-sexuelle-et-reproductive-des-jeunes-le-burkina-faso-a-sa-plateforme-share-net","status":"publish","type":"post","link":"https:\/\/linitiative.ca\/International\/sante-sexuelle-et-reproductive-des-jeunes-le-burkina-faso-a-sa-plateforme-share-net\/","title":{"rendered":"Sant\u00e9 sexuelle et reproductive des jeunes: Le Burkina Faso a\u00a0 sa plateforme \u00ab\u00a0share-net\u00a0\u00bb"},"content":{"rendered":"<div>\n<p><strong>L\u2019Association SOS\/Jeunesse et d\u00e9fis a lanc\u00e9 le jeudi 16 septembre 2021 la plateforme de gestion des connaissances sur la sant\u00e9 sexuelle et reproductive \u00ab Share-net Burkina Faso \u00bb en pr\u00e9sence de Mme l\u2019ambassadeur des Pays Bas au Burkina Faso, Esther Loeffen.<\/strong><\/p>\n<p>Les chercheurs et autres acteurs\u00a0 de la sant\u00e9 de la reproduction au Burkina Faso ont d\u00e9sormais une plateforme de gestion des connaissances. D\u00e9nomm\u00e9e \u00ab\u00a0Share\u2013net Burkina Faso\u00a0\u00bb, elle a \u00e9t\u00e9 lanc\u00e9e\u00a0 par l\u2019Association SOS\/Jeunesse et d\u00e9fis (SOS\/JD) devant un parterre des organisations de la soci\u00e9t\u00e9 civile. Pour le directeur ex\u00e9cutif, de SOS\/JD, Harouna Ou\u00e9draogo, sa structure a \u00e9t\u00e9 mandat\u00e9e en avril 2021 comme structure h\u00f4te par\u00a0\u00a0 Share-Net International.<\/p>\n<p>Share \u2013net Burkina est la plateforme de gestion des connaissance dans le domaine de la sant\u00e9 sexuelle\u00a0 et\u00a0 reproductive au Burkina autour de la dynamique d\u2019\u00e9change de meilleures pratiques, la g\u00e9n\u00e9ration du savoir, la promotion de la recherche et le plaidoyer bas\u00e9 sur des \u00e9vidences en mati\u00e8re de sant\u00e9 et des droits sexuels. La plateforme burkinab\u00e8 \u00a0est soutenue par Share-net international avec l\u2019appui financier du Minist\u00e8re N\u00e9erlandais des Affaires Etrang\u00e8res \u00e0 travers h\u00f4te KIT. \u00ab\u00a0Nous sommes le seul pays francophone de l\u2019Afrique de l\u2019ouest \u00e0 b\u00e9n\u00e9ficier\u00a0 de cet outil. Nous invitons tous les acteurs \u00e0 adh\u00e9rer \u00e0 cette plateforme\u00a0\u00bb, a indiqu\u00e9 M. Ou\u00e9draogo.<\/p>\n<p><img decoding=\"async\" loading=\"lazy\" class=\"alignleft size-full wp-image-39722\" src=\"https:\/\/linitiative.ca\/International\/wp-content\/uploads\/sites\/23\/2021\/09\/3.jpeg\" alt=\"\" width=\"900\" height=\"673\" srcset=\"https:\/\/linitiative.ca\/International\/wp-content\/uploads\/sites\/23\/2021\/09\/3.jpeg 900w, https:\/\/www.sidwaya.info\/wp-content\/uploads\/2021\/09\/3-300x224.jpeg 300w, https:\/\/www.sidwaya.info\/wp-content\/uploads\/2021\/09\/3-768x574.jpeg 768w, https:\/\/www.sidwaya.info\/wp-content\/uploads\/2021\/09\/3-150x112.jpeg 150w, https:\/\/www.sidwaya.info\/wp-content\/uploads\/2021\/09\/3-696x520.jpeg 696w, https:\/\/www.sidwaya.info\/wp-content\/uploads\/2021\/09\/3-562x420.jpeg 562w, https:\/\/www.sidwaya.info\/wp-content\/uploads\/2021\/09\/3-80x60.jpeg 80w, https:\/\/www.sidwaya.info\/wp-content\/uploads\/2021\/09\/3-265x198.jpeg 265w\" sizes=\"auto, (max-width: 900px) 100vw, 900px\">Selon, le repr\u00e9sentant du \u00a0Secr\u00e9tariat technique charg\u00e9 de l\u2019acc\u00e9l\u00e9ration de la transition d\u00e9mographique (ST\/ATD), M\u00e9danimpo Ouoba\u00a0 et l\u2019ambassadrice des Pays Bas, Esther Loeffen, l\u2019am\u00e9lioration de la sant\u00e9 des populations reste au c\u0153ur des priorit\u00e9s du Burkina Faso et ne saurait conna\u00eetre un essor sans la participation des organisations de d\u00e9veloppement notamment celles de la soci\u00e9t\u00e9 civile. De ce fait, cette situation ne pourrait s\u2019am\u00e9liorer que par la prise en compte des besoins sp\u00e9cifiques r\u00e9els des populations dans les politiques et plans de d\u00e9veloppement du pays.<\/p>\n<p>\u00ab\u00a0La question des Droits et sant\u00e9 sexuels et reproductifs pose d\u2019\u00e9normes r\u00e9flexions quant \u00e0 son acceptabilit\u00e9, sa prise en compte dans les politiques de sant\u00e9 mais aussi l\u2019impl\u00e9mentation d\u2019actions sur le terrain en vue d\u2019une promotion bien r\u00e9ussie. C\u2019est pourquoi, de nouvelles approches et initiatives doivent \u00eatre mises en \u0153uvre pour apporter de solutions concr\u00e8tes et durables en la mati\u00e8re\u00a0\u00bb, a d\u00e9clar\u00e9 Mme Loeffen.<\/p>\n<p>Le Burkina est le 5<sup>e<\/sup> pays \u00e0 rejoindre la plateforme Share-Net International ( Bangladesh, Burundi, Ethiopie, et la Colombie). Premier pays de l\u2019Afrique de l\u2019ouest, le Burkina est ainsi \u00a0un pays pilote et a des d\u00e9fis \u00e0 relever.<\/p>\n<p>\u00ab\u00a0<em>Le d\u00e9fi pour nous c\u2019est \u00eatre un pays mod\u00e8le, en mati\u00e8re de partage et de gestion de connaissance \u00a0en mati\u00e8re de la sant\u00e9 de la reproduction ; permettre \u00e0 tous les pays du Partenariat de Ouagadougou (PO) d\u2019\u00eatre b\u00e9n\u00e9ficiaires\u00a0 \u00e9galement et aussi d\u2019utiliser cette plateforme pour partager les informations, les exp\u00e9riences et tout ce qui est capitalisation dans le domaine de la sant\u00e9 de la reproduction<\/em>\u00a0\u00bb, a ajout\u00e9 Harouna Ou\u00e9draogo.<\/p>\n<p><img decoding=\"async\" loading=\"lazy\" class=\"alignleft size-full wp-image-39721\" src=\"https:\/\/linitiative.ca\/International\/wp-content\/uploads\/sites\/23\/2021\/09\/2.jpeg\" alt=\"\" width=\"900\" height=\"673\" srcset=\"https:\/\/linitiative.ca\/International\/wp-content\/uploads\/sites\/23\/2021\/09\/2.jpeg 900w, https:\/\/www.sidwaya.info\/wp-content\/uploads\/2021\/09\/2-300x224.jpeg 300w, https:\/\/www.sidwaya.info\/wp-content\/uploads\/2021\/09\/2-768x574.jpeg 768w, https:\/\/www.sidwaya.info\/wp-content\/uploads\/2021\/09\/2-150x112.jpeg 150w, https:\/\/www.sidwaya.info\/wp-content\/uploads\/2021\/09\/2-696x520.jpeg 696w, https:\/\/www.sidwaya.info\/wp-content\/uploads\/2021\/09\/2-562x420.jpeg 562w, https:\/\/www.sidwaya.info\/wp-content\/uploads\/2021\/09\/2-80x60.jpeg 80w, https:\/\/www.sidwaya.info\/wp-content\/uploads\/2021\/09\/2-265x198.jpeg 265w\" sizes=\"auto, (max-width: 900px) 100vw, 900px\">Les acteurs \u00e0 qui le projet a \u00e9t\u00e9 pr\u00e9sent\u00e9 sont invit\u00e9s \u00e0 adh\u00e9rer \u00e0 la plateforme et de l\u2019utiliser comme un outil\u00a0 de plaidoyer en faveur des droits en sant\u00e9 sexuelle et reproductive.<\/p>\n<p>\u00a0<\/p>\n<p>B.S.<\/p>\n<p>L\u2019article <a rel=\"nofollow\" href=\"https:\/\/www.sidwaya.info\/blog\/2021\/09\/17\/sante-sexuelle-et-reproductive-des-jeunes-le-burkina-faso-a-sa-share-net\/\">Sant\u00e9 sexuelle et reproductive des jeunes: Le Burkina Faso a\u00a0 sa plateforme \u00ab\u00a0share-net\u00a0\u00bb<\/a> est apparu en premier sur <a rel=\"nofollow\" href=\"https:\/\/www.sidwaya.info\/\">Quotidien Sidwaya<\/a>.<\/p>\n<\/div>\n<p>Auteur: BS. Sidwaya<br \/>\n<a href=\"https:\/\/www.sidwaya.info\/blog\/2021\/09\/17\/sante-sexuelle-et-reproductive-des-jeunes-le-burkina-faso-a-sa-share-net\/\">Cliquez ici pour lire l&rsquo;article depuis sa source.<\/a><\/p>\n","protected":false},"excerpt":{"rendered":"<p>L\u2019Association SOS\/Jeunesse et d\u00e9fis a lanc\u00e9 le jeudi 16 septembre 2021 la plateforme de gestion des connaissances sur la sant\u00e9 sexuelle et reproductive \u00ab Share-net Burkina Faso \u00bb en pr\u00e9sence de Mme l\u2019ambassadeur des Pays Bas au Burkina Faso, Esther Loeffen. Les chercheurs et autres acteurs\u00a0 de la sant\u00e9 de la reproduction au Burkina Faso [&hellip;]<\/p>\n","protected":false},"author":1816,"featured_media":0,"comment_status":"closed","ping_status":"closed","sticky":false,"template":"","format":"standard","meta":{"fifu_image_url":"https:\/\/www.sidwaya.info\/wp-content\/uploads\/2021\/09\/3.jpeg","fifu_image_alt":"Sant\u00e9 sexuelle et reproductive des jeunes: Le Burkina Faso a\u00a0 sa plateforme \u00ab\u00a0share-net\u00a0\u00bb","footnotes":""},"categories":[73,81],"tags":[],"class_list":["post-127378","post","type-post","status-publish","format-standard","hentry","category-actualite","category-burkina-faso"],"_links":{"self":[{"href":"https:\/\/linitiative.ca\/International\/wp-json\/wp\/v2\/posts\/127378","targetHints":{"allow":["GET"]}}],"collection":[{"href":"https:\/\/linitiative.ca\/International\/wp-json\/wp\/v2\/posts"}],"about":[{"href":"https:\/\/linitiative.ca\/International\/wp-json\/wp\/v2\/types\/post"}],"author":[{"embeddable":true,"href":"https:\/\/linitiative.ca\/International\/wp-json\/wp\/v2\/users\/1816"}],"replies":[{"embeddable":true,"href":"https:\/\/linitiative.ca\/International\/wp-json\/wp\/v2\/comments?post=127378"}],"version-history":[{"count":0,"href":"https:\/\/linitiative.ca\/International\/wp-json\/wp\/v2\/posts\/127378\/revisions"}],"wp:attachment":[{"href":"https:\/\/linitiative.ca\/International\/wp-json\/wp\/v2\/media?parent=127378"}],"wp:term":[{"taxonomy":"category","embeddable":true,"href":"https:\/\/linitiative.ca\/International\/wp-json\/wp\/v2\/categories?post=127378"},{"taxonomy":"post_tag","embeddable":true,"href":"https:\/\/linitiative.ca\/International\/wp-json\/wp\/v2\/tags?post=127378"}],"curies":[{"name":"wp","href":"https:\/\/api.w.org\/{rel}","templated":true}]}}