{"id":127381,"date":"2021-09-17T12:11:32","date_gmt":"2021-09-17T16:11:32","guid":{"rendered":"https:\/\/linitiative.ca\/International\/bobo-dioulasso-la-47e-promotion-des-eleves-sous-officiers-de-la-gendarmerie-a-ete-baptisee-patriotisme\/"},"modified":"2021-09-17T12:11:32","modified_gmt":"2021-09-17T16:11:32","slug":"bobo-dioulasso-la-47e-promotion-des-eleves-sous-officiers-de-la-gendarmerie-a-ete-baptisee-patriotisme","status":"publish","type":"post","link":"https:\/\/linitiative.ca\/International\/bobo-dioulasso-la-47e-promotion-des-eleves-sous-officiers-de-la-gendarmerie-a-ete-baptisee-patriotisme\/","title":{"rendered":"Bobo Dioulasso :\u00a0 La 47e promotion des \u00e9l\u00e8ves sous-officiers de la gendarmerie a \u00e9t\u00e9 baptis\u00e9e \u00ab\u00a0Patriotisme\u00a0\u00bb"},"content":{"rendered":"<div>\n<p>La 47e promotion des \u00e9l\u00e8ves sous-Officiers de l\u2019Ecole Nationale de la Gendarmerie a effectu\u00e9 sa sortie ce vendredi 17 septembre 2021 \u00e0 \u00a0Bobo-Dioulasso. Le ministre d Etat et de l\u2019Administration Territoriale Cl\u00e9ment Sawadogo repr\u00e9sentant le Premier ministre Dabir\u00e9, a donn\u00e9 \u00ab\u00a0Patriotisme\u00a0\u00bb comme nom de bapt\u00eame \u00e0 la promotion.<\/p>\n<p>Cette 47e promotion des \u00e9l\u00e8ves sous-Officiers qui a fait son entr\u00e9e \u00e0 l\u2019Ecole Nationale de la Gendarmerie le 11 octobre 2019 pour un cycle de formation de 2 ans est compos\u00e9e de 748 personnes dont 25 filles.<\/p>\n<p>A.B<\/p>\n<p>L\u2019article <a rel=\"nofollow\" href=\"https:\/\/www.sidwaya.info\/blog\/2021\/09\/17\/39728\/\">Bobo Dioulasso :\u00a0 La 47e promotion des \u00e9l\u00e8ves sous-officiers de la gendarmerie a \u00e9t\u00e9 baptis\u00e9e \u00ab\u00a0Patriotisme\u00a0\u00bb<\/a> est apparu en premier sur <a rel=\"nofollow\" href=\"https:\/\/www.sidwaya.info\/\">Quotidien Sidwaya<\/a>.<\/p>\n<\/div>\n<p>Auteur: BANGRE SIDWAYA<br \/>\n<a href=\"https:\/\/www.sidwaya.info\/blog\/2021\/09\/17\/39728\/\">Cliquez ici pour lire l&rsquo;article depuis sa source.<\/a><\/p>\n","protected":false},"excerpt":{"rendered":"<p>La 47e promotion des \u00e9l\u00e8ves sous-Officiers de l\u2019Ecole Nationale de la Gendarmerie a effectu\u00e9 sa sortie ce vendredi 17 septembre 2021 \u00e0 \u00a0Bobo-Dioulasso. Le ministre d Etat et de l\u2019Administration Territoriale Cl\u00e9ment Sawadogo repr\u00e9sentant le Premier ministre Dabir\u00e9, a donn\u00e9 \u00ab\u00a0Patriotisme\u00a0\u00bb comme nom de bapt\u00eame \u00e0 la promotion. Cette 47e promotion des \u00e9l\u00e8ves sous-Officiers qui [&hellip;]<\/p>\n","protected":false},"author":1816,"featured_media":0,"comment_status":"closed","ping_status":"closed","sticky":false,"template":"","format":"standard","meta":{"fifu_image_url":"","fifu_image_alt":"","footnotes":""},"categories":[73,81],"tags":[],"class_list":["post-127381","post","type-post","status-publish","format-standard","hentry","category-actualite","category-burkina-faso"],"_links":{"self":[{"href":"https:\/\/linitiative.ca\/International\/wp-json\/wp\/v2\/posts\/127381","targetHints":{"allow":["GET"]}}],"collection":[{"href":"https:\/\/linitiative.ca\/International\/wp-json\/wp\/v2\/posts"}],"about":[{"href":"https:\/\/linitiative.ca\/International\/wp-json\/wp\/v2\/types\/post"}],"author":[{"embeddable":true,"href":"https:\/\/linitiative.ca\/International\/wp-json\/wp\/v2\/users\/1816"}],"replies":[{"embeddable":true,"href":"https:\/\/linitiative.ca\/International\/wp-json\/wp\/v2\/comments?post=127381"}],"version-history":[{"count":0,"href":"https:\/\/linitiative.ca\/International\/wp-json\/wp\/v2\/posts\/127381\/revisions"}],"wp:attachment":[{"href":"https:\/\/linitiative.ca\/International\/wp-json\/wp\/v2\/media?parent=127381"}],"wp:term":[{"taxonomy":"category","embeddable":true,"href":"https:\/\/linitiative.ca\/International\/wp-json\/wp\/v2\/categories?post=127381"},{"taxonomy":"post_tag","embeddable":true,"href":"https:\/\/linitiative.ca\/International\/wp-json\/wp\/v2\/tags?post=127381"}],"curies":[{"name":"wp","href":"https:\/\/api.w.org\/{rel}","templated":true}]}}