{"id":127384,"date":"2021-09-17T12:18:01","date_gmt":"2021-09-17T16:18:01","guid":{"rendered":"https:\/\/linitiative.ca\/International\/putsch-en-guinee-nana-akufo-addo-et-alassane-ouattara-a-conakry\/"},"modified":"2021-09-17T12:18:01","modified_gmt":"2021-09-17T16:18:01","slug":"putsch-en-guinee-nana-akufo-addo-et-alassane-ouattara-a-conakry","status":"publish","type":"post","link":"https:\/\/linitiative.ca\/International\/putsch-en-guinee-nana-akufo-addo-et-alassane-ouattara-a-conakry\/","title":{"rendered":"Putsch en Guin\u00e9e : Nana Akufo-Addo et Alassane Ouattara \u00e0 Conakry"},"content":{"rendered":"<div>\n<p><img loading=\"lazy\" decoding=\"async\" width=\"960\" height=\"640\" src=\"https:\/\/linitiative.ca\/International\/wp-content\/uploads\/sites\/23\/2021\/09\/16318954813939.jpg\" class=\"attachment-post-thumbnail size-post-thumbnail wp-post-image\" alt=\"\" srcset=\"https:\/\/linitiative.ca\/International\/wp-content\/uploads\/sites\/23\/2021\/09\/16318954813939.jpg 960w, https:\/\/www.journalducameroun.com\/wp-content\/uploads\/2021\/09\/16318954813939-300x200.jpg 300w, https:\/\/www.journalducameroun.com\/wp-content\/uploads\/2021\/09\/16318954813939-768x512.jpg 768w, https:\/\/www.journalducameroun.com\/wp-content\/uploads\/2021\/09\/16318954813939-660x440.jpg 660w, https:\/\/www.journalducameroun.com\/wp-content\/uploads\/2021\/09\/16318954813939-600x400.jpg 600w\" sizes=\"auto, (max-width: 960px) 100vw, 960px\"><\/p>\n<p>Les pr\u00e9sidents ghan\u00e9en et ivoirien, au nom de la C\u00e9d\u00e9ao, vont s&rsquo;entretenir avec la junte sur la transition politique suite au renversement du pr\u00e9sident Alpha Cond\u00e9.Pas de temps \u00e0 perdre. Au lendemain de la Session extraordinaire de la Conf\u00e9rence des chefs d&rsquo;Etat et de gouvernement, la mission de haut niveau de la Communaut\u00e9 \u00e9conomique des Etats de l&rsquo;Afrique de l&rsquo;Ouest (C\u00e9d\u00e9ao) est arriv\u00e9e ce vendredi en Guin\u00e9e.<\/p>\n<p>Dans la d\u00e9l\u00e9gation conduite par Nana Akufo-Addo, le pr\u00e9sident en exercice de l&rsquo;organisation r\u00e9gionale, figure son homologue ivoirien Alassane Ouattara. Cette visite en Guin\u00e9e est l&rsquo;une des mesures de la r\u00e9union de jeudi tenue \u00e0 Accra, au Ghana.<\/p>\n<p>Les \u00e9missaires de la C\u00e9d\u00e9ao doivent notifier au Comit\u00e9 National de Rassemblement et de D\u00e9veloppement (CNRD) toutes les mesures prises la veille. Parmi elles, il y a l&rsquo;exigence de \u00ab la lib\u00e9ration imm\u00e9diate et sans condition \u00bb d&rsquo;Alpha Cond\u00e9.<\/p>\n<p>Le pr\u00e9sident d\u00e9chu est toujours entre les mains des hommes du colonel Mamady Doumbouya. Le Groupement des Forces Sp\u00e9ciales (GFS), dirig\u00e9 par cet ancien l\u00e9gionnaire de l&rsquo;arm\u00e9e fran\u00e7aise, a sign\u00e9 le coup d&rsquo;Etat du 5 septembre dernier.<\/p>\n<p>Cet article <a rel=\"nofollow\" href=\"https:\/\/www.journalducameroun.com\/putsch-en-guinee-nana-akufo-addo-et-alassane-ouattara-a-conakry\/\">Putsch en Guin\u00e9e : Nana Akufo-Addo et Alassane Ouattara \u00e0 Conakry<\/a> est apparu en premier sur <a rel=\"nofollow\" href=\"https:\/\/www.journalducameroun.com\/\">Journal du Cameroun<\/a>.<\/p>\n<\/div>\n<p>Auteur: APA News<br \/>\n<a href=\"https:\/\/www.journalducameroun.com\/putsch-en-guinee-nana-akufo-addo-et-alassane-ouattara-a-conakry\/\">Cliquez ici pour lire l&rsquo;article depuis sa source.<\/a><\/p>\n","protected":false},"excerpt":{"rendered":"<p>Les pr\u00e9sidents ghan\u00e9en et ivoirien, au nom de la C\u00e9d\u00e9ao, vont s&rsquo;entretenir avec la junte sur la transition politique suite au renversement du pr\u00e9sident Alpha Cond\u00e9.Pas de temps \u00e0 perdre. Au lendemain de la Session extraordinaire de la Conf\u00e9rence des chefs d&rsquo;Etat et de gouvernement, la mission de haut niveau de la Communaut\u00e9 \u00e9conomique des [&hellip;]<\/p>\n","protected":false},"author":1965,"featured_media":0,"comment_status":"closed","ping_status":"closed","sticky":false,"template":"","format":"standard","meta":{"fifu_image_url":"https:\/\/www.journalducameroun.com\/wp-content\/uploads\/2021\/09\/16318954813939.jpg","fifu_image_alt":"Putsch en Guin\u00e9e : Nana Akufo-Addo et Alassane Ouattara \u00e0 Conakry","footnotes":""},"categories":[73,82],"tags":[],"class_list":["post-127384","post","type-post","status-publish","format-standard","hentry","category-actualite","category-cameroun"],"_links":{"self":[{"href":"https:\/\/linitiative.ca\/International\/wp-json\/wp\/v2\/posts\/127384","targetHints":{"allow":["GET"]}}],"collection":[{"href":"https:\/\/linitiative.ca\/International\/wp-json\/wp\/v2\/posts"}],"about":[{"href":"https:\/\/linitiative.ca\/International\/wp-json\/wp\/v2\/types\/post"}],"author":[{"embeddable":true,"href":"https:\/\/linitiative.ca\/International\/wp-json\/wp\/v2\/users\/1965"}],"replies":[{"embeddable":true,"href":"https:\/\/linitiative.ca\/International\/wp-json\/wp\/v2\/comments?post=127384"}],"version-history":[{"count":0,"href":"https:\/\/linitiative.ca\/International\/wp-json\/wp\/v2\/posts\/127384\/revisions"}],"wp:attachment":[{"href":"https:\/\/linitiative.ca\/International\/wp-json\/wp\/v2\/media?parent=127384"}],"wp:term":[{"taxonomy":"category","embeddable":true,"href":"https:\/\/linitiative.ca\/International\/wp-json\/wp\/v2\/categories?post=127384"},{"taxonomy":"post_tag","embeddable":true,"href":"https:\/\/linitiative.ca\/International\/wp-json\/wp\/v2\/tags?post=127384"}],"curies":[{"name":"wp","href":"https:\/\/api.w.org\/{rel}","templated":true}]}}