{"id":127386,"date":"2021-09-17T13:18:01","date_gmt":"2021-09-17T17:18:01","guid":{"rendered":"https:\/\/linitiative.ca\/International\/transition-au-mali-une-delegation-de-lua-en-visite-a-bamako\/"},"modified":"2021-09-17T13:18:01","modified_gmt":"2021-09-17T17:18:01","slug":"transition-au-mali-une-delegation-de-lua-en-visite-a-bamako","status":"publish","type":"post","link":"https:\/\/linitiative.ca\/International\/transition-au-mali-une-delegation-de-lua-en-visite-a-bamako\/","title":{"rendered":"Transition au Mali: une d\u00e9l\u00e9gation de l\u2019UA en visite \u00e0 Bamako"},"content":{"rendered":"<div>\n<p><img loading=\"lazy\" decoding=\"async\" width=\"1200\" height=\"885\" src=\"https:\/\/linitiative.ca\/International\/wp-content\/uploads\/sites\/23\/2021\/09\/16318990819816.jpg\" class=\"attachment-post-thumbnail size-post-thumbnail wp-post-image\" alt=\"\" srcset=\"https:\/\/linitiative.ca\/International\/wp-content\/uploads\/sites\/23\/2021\/09\/16318990819816.jpg 1200w, https:\/\/www.journalducameroun.com\/wp-content\/uploads\/2021\/09\/16318990819816-300x221.jpg 300w, https:\/\/www.journalducameroun.com\/wp-content\/uploads\/2021\/09\/16318990819816-768x566.jpg 768w, https:\/\/www.journalducameroun.com\/wp-content\/uploads\/2021\/09\/16318990819816-1024x755.jpg 1024w, https:\/\/www.journalducameroun.com\/wp-content\/uploads\/2021\/09\/16318990819816-597x440.jpg 597w, https:\/\/www.journalducameroun.com\/wp-content\/uploads\/2021\/09\/16318990819816-600x443.jpg 600w\" sizes=\"auto, (max-width: 1200px) 100vw, 1200px\"><\/p>\n<p>Cette Mission Multidimensionnelle d&rsquo;\u00c9valuation des Besoins (MEB) et technique en R\u00e9publique du Mali s&rsquo;inscrit dans le cadre du Programme d&rsquo;appui continental au processus de la Transition, annonce un communiqu\u00e9 parvenu vendredi \u00e0 APA.La d\u00e9l\u00e9gation de l&rsquo;Union africaine s\u00e9journera dans la capitale malienne du 19 au 25 septembre 2021. Elle m\u00e8nera des consultations avec les parties prenantes du pays sur l&rsquo;\u00e9tat et l&rsquo;\u00e9volution du processus de la Transition en vue de la tenue des prochains scrutins et m\u00e9canismes de sortie de crise.<\/p>\n<p>Cela lui permettra de jauger le niveau du consensus national au regard de la nature du soutien de l&rsquo;Union africaine (UA) relativement au Plan d&rsquo;action du Gouvernement 2021-2022, sur l&rsquo;op\u00e9rationnalisation du calendrier de la Transition, conform\u00e9ment \u00e0 l&rsquo;Accord de Paix d&rsquo;Alger de 2015.<\/p>\n<p>La Mission d\u00e9veloppera \u00e9galement une s\u00e9rie d&rsquo;actions transversales compl\u00e9mentaires articul\u00e9es dans un Programme d&rsquo;appui global et de mise en \u0153uvre pour le pays. Celui-ci porte notamment sur les \u00e9lections, l&rsquo;\u00e9laboration de la Constitution, la justice transitionnelle, le d\u00e9sarmement, la d\u00e9mobilisation et la r\u00e9int\u00e9gration (DDR), la d\u00e9centralisation et le d\u00e9veloppement local et l&rsquo;\u00c9tat de droit pluraliste.<\/p>\n<p>Les missionnaires de l&rsquo;UA formuleront enfin des recommandations en direction de l&rsquo;organisation panafricaine pour lui permettre un suivi et un appui multidimensionnel r\u00e9ussis, efficaces et efficients tout en mobilisant les Partenaires Techniques et Financiers afin de mieux assurer la consolidation de l&rsquo;\u00c9tat malien de mani\u00e8re inclusive, d\u00e9mocratique et pacifique.<\/p>\n<p>La Mission Multidimensionnelle est conforme aux orientations du communiqu\u00e9 de la r\u00e9union du Conseil de Paix et de S\u00e9curit\u00e9 (CPS) de l&rsquo;Union africaine du 10 Juin 2021. Elle vise \u00e0 appuyer sur les plans techniques, diplomatiques et financiers toutes les \u00e9tapes fondamentales du processus transitionnel de fa\u00e7on durable. Cela afin de consolider davantage la D\u00e9mocratie, l&rsquo;Etat de Droit, la Paix et la S\u00e9curit\u00e9, gages de la stabilisation de la R\u00e9publique du Mali.<\/p>\n<p>Cet article <a rel=\"nofollow\" href=\"https:\/\/www.journalducameroun.com\/transition-au-mali-une-delegation-de-lua-en-visite-a-bamako\/\">Transition au Mali: une d\u00e9l\u00e9gation de l\u2019UA en visite \u00e0 Bamako<\/a> est apparu en premier sur <a rel=\"nofollow\" href=\"https:\/\/www.journalducameroun.com\/\">Journal du Cameroun<\/a>.<\/p>\n<\/div>\n<p>Auteur: APA News<br \/>\n<a href=\"https:\/\/www.journalducameroun.com\/transition-au-mali-une-delegation-de-lua-en-visite-a-bamako\/\">Cliquez ici pour lire l&rsquo;article depuis sa source.<\/a><\/p>\n","protected":false},"excerpt":{"rendered":"<p>Cette Mission Multidimensionnelle d&rsquo;\u00c9valuation des Besoins (MEB) et technique en R\u00e9publique du Mali s&rsquo;inscrit dans le cadre du Programme d&rsquo;appui continental au processus de la Transition, annonce un communiqu\u00e9 parvenu vendredi \u00e0 APA.La d\u00e9l\u00e9gation de l&rsquo;Union africaine s\u00e9journera dans la capitale malienne du 19 au 25 septembre 2021. Elle m\u00e8nera des consultations avec les parties [&hellip;]<\/p>\n","protected":false},"author":1965,"featured_media":0,"comment_status":"closed","ping_status":"closed","sticky":false,"template":"","format":"standard","meta":{"fifu_image_url":"https:\/\/www.journalducameroun.com\/wp-content\/uploads\/2021\/09\/16318990819816.jpg","fifu_image_alt":"Transition au Mali: une d\u00e9l\u00e9gation de l\u2019UA en visite \u00e0 Bamako","footnotes":""},"categories":[73,82],"tags":[],"class_list":["post-127386","post","type-post","status-publish","format-standard","hentry","category-actualite","category-cameroun"],"_links":{"self":[{"href":"https:\/\/linitiative.ca\/International\/wp-json\/wp\/v2\/posts\/127386","targetHints":{"allow":["GET"]}}],"collection":[{"href":"https:\/\/linitiative.ca\/International\/wp-json\/wp\/v2\/posts"}],"about":[{"href":"https:\/\/linitiative.ca\/International\/wp-json\/wp\/v2\/types\/post"}],"author":[{"embeddable":true,"href":"https:\/\/linitiative.ca\/International\/wp-json\/wp\/v2\/users\/1965"}],"replies":[{"embeddable":true,"href":"https:\/\/linitiative.ca\/International\/wp-json\/wp\/v2\/comments?post=127386"}],"version-history":[{"count":0,"href":"https:\/\/linitiative.ca\/International\/wp-json\/wp\/v2\/posts\/127386\/revisions"}],"wp:attachment":[{"href":"https:\/\/linitiative.ca\/International\/wp-json\/wp\/v2\/media?parent=127386"}],"wp:term":[{"taxonomy":"category","embeddable":true,"href":"https:\/\/linitiative.ca\/International\/wp-json\/wp\/v2\/categories?post=127386"},{"taxonomy":"post_tag","embeddable":true,"href":"https:\/\/linitiative.ca\/International\/wp-json\/wp\/v2\/tags?post=127386"}],"curies":[{"name":"wp","href":"https:\/\/api.w.org\/{rel}","templated":true}]}}