{"id":127388,"date":"2021-09-17T14:18:01","date_gmt":"2021-09-17T18:18:01","guid":{"rendered":"https:\/\/linitiative.ca\/International\/armee-ivoirienne-plus-de-60-dossiers-de-rackets-bientot-juges-procureur-militaire\/"},"modified":"2021-09-17T14:18:01","modified_gmt":"2021-09-17T18:18:01","slug":"armee-ivoirienne-plus-de-60-dossiers-de-rackets-bientot-juges-procureur-militaire","status":"publish","type":"post","link":"https:\/\/linitiative.ca\/International\/armee-ivoirienne-plus-de-60-dossiers-de-rackets-bientot-juges-procureur-militaire\/","title":{"rendered":"Arm\u00e9e ivoirienne: plus de 60 dossiers de rackets bient\u00f4t jug\u00e9s (procureur militaire)"},"content":{"rendered":"<div>\n<p><img loading=\"lazy\" decoding=\"async\" width=\"1024\" height=\"683\" src=\"https:\/\/linitiative.ca\/International\/wp-content\/uploads\/sites\/23\/2021\/09\/16319026815231.jpg\" class=\"attachment-post-thumbnail size-post-thumbnail wp-post-image\" alt=\"\" srcset=\"https:\/\/linitiative.ca\/International\/wp-content\/uploads\/sites\/23\/2021\/09\/16319026815231.jpg 1024w, https:\/\/www.journalducameroun.com\/wp-content\/uploads\/2021\/09\/16319026815231-300x200.jpg 300w, https:\/\/www.journalducameroun.com\/wp-content\/uploads\/2021\/09\/16319026815231-768x512.jpg 768w, https:\/\/www.journalducameroun.com\/wp-content\/uploads\/2021\/09\/16319026815231-660x440.jpg 660w, https:\/\/www.journalducameroun.com\/wp-content\/uploads\/2021\/09\/16319026815231-600x400.jpg 600w\" sizes=\"auto, (max-width: 1024px) 100vw, 1024px\"><\/p>\n<p>Plus d&rsquo;une soixantaine de dossiers de rackets impliquant des policiers et des gendarmes, \u00e0 travers le territoire national ivoirien, seront jug\u00e9s lors de la prochaine rentr\u00e9e judiciaire, a annonc\u00e9 vendredi \u00e0 Abidjan, le procureur militaire, Ange Kessi.<\/p>\n<p>Le contre-amiral Ange Kessi, commissaire du gouvernement ivoirien, s&rsquo;exprimait \u00e0 l&rsquo;occasion d&rsquo;une conf\u00e9rence de presse initi\u00e9e par le ministre de la Promotion de la bonne gouvernance, du renforcement des capacit\u00e9s et de la lutte contre la corruption, Epiphane Zoro Ballo.<\/p>\n<p>La sensibilisation \u00ab\u00a0est termin\u00e9e, nous sommes rentr\u00e9s dans la phase de r\u00e9pression. D\u00e8s la rentr\u00e9e judiciaire, le tribunal militaire a d\u00e9j\u00e0 programm\u00e9 43 dossiers \u00e0 laquelle vont s&rsquo;ajouter une quinzaine qui devraient \u00eatre jug\u00e9s l&rsquo;ann\u00e9e pass\u00e9e\u00a0\u00bb, a indiqu\u00e9 le procureur militaire.\u00a0<\/p>\n<p>\u00ab\u00a0Donc, c&rsquo;est au moins une soixantaine de dossiers que nous allons juger\u00a0\u00bb, a fait savoir le commissaire du gouvernement, \u00a0ajoutant que \u00ab\u00a0la \u00a0C\u00f4te d&rsquo;Ivoire doit figurer parmi les pays qui sont les moins corrompus dans le monde\u00a0\u00bb.<\/p>\n<p>S&rsquo;appuyant sur la collaboration et les renseignements recueillis aupr\u00e8s de certains partenaires dont l&rsquo;ONG \u00c9galit\u00e9 &amp; Justice pour tous, plusieurs proc\u00e9dures de poursuites judiciaires ont \u00e9t\u00e9 initi\u00e9es.<\/p>\n<p>\u00ab\u00a0C&rsquo;est alors que pour le compte de l&rsquo;ann\u00e9e judiciaire \u00e9coul\u00e9e (2020-2021), sur 77 cas d\u00e9nonc\u00e9s par l&rsquo;ONG, le Parquet militaire a initi\u00e9 43 proc\u00e9dures de poursuites contre les agents des forces de d\u00e9fense et de s\u00e9curit\u00e9 pour extorsion de fonds sur les usagers de la route\u00a0\u00bb, a-t-dit.<\/p>\n<p>Les 34 autres cas feront l&rsquo;objet d&rsquo;enqu\u00eate pour d\u00e9faut de preuves mat\u00e9rielles, a relev\u00e9 le procureur militaire. Sur ces 43 agents vis\u00e9s, l&rsquo;on a pour le District d&rsquo;Abidjan deux policiers issus de la commune d&rsquo;Abobo et trois \u00a0de la cit\u00e9 d&rsquo;Anyama.<\/p>\n<p>Selon le ministre charg\u00e9 de la Bonne gouvernance, Epiphane Zoro Ballo, des vid\u00e9os de lanceurs d&rsquo;alertes attestent des actes de rackets impliquant certains agents des forces de d\u00e9fense et de s\u00e9curit\u00e9.<\/p>\n<p>\u00ab\u00a0Ces enregistrements nous indiquent clairement l&rsquo;implication des unit\u00e9s de la gendarmerie \u00a0(17 personnes) et de la police (22 personnes), soit 39 agents des forces de d\u00e9fense et de s\u00e9curit\u00e9 dont 24 ont fait effectivement l&rsquo;objet de poursuites\u00a0\u00bb, a-t-il soulign\u00e9.<\/p>\n<p>M. Epiphane Zoro Ballo a annonc\u00e9 une plateforme web de signalement et un num\u00e9ro vert de sorte que les cas de corruption soient d\u00e9nonc\u00e9s, et un projet de loi sur la protection des lanceurs d&rsquo;alertes, ce qui devrait permettre une collaboration avec les populations dans ce projet.<\/p>\n<p>Mardi, le ministre Epiphane Zoro a annonc\u00e9 une op\u00e9ration de lutte contre la corruption d\u00e9nomm\u00e9e op\u00e9ration \u00ab\u00a0coup de poing\u00a0\u00bb, tout en pr\u00e9venant qu&rsquo;aucun d\u00e9partement se sera \u00e9pargn\u00e9 dans le cadre d&rsquo;investigations en cours.<\/p>\n<p>Le procureur militaire a fait remarquer que le racket est puni de 5 ans de prison. Depuis 2011, soit en l&rsquo;espace de 10 ans, quelque 326 dossiers pour faits contre le racket ont \u00e9t\u00e9 enregistr\u00e9s, soit 32 dossiers par an. Sur ces 326 dossiers, 200 actes soutenus par des preuves ont \u00e9t\u00e9 jug\u00e9s.<\/p>\n<p>Par ailleurs, le commissaire du gouvernement, Ange Kessi a r\u00e9v\u00e9l\u00e9 que les plaintes pour arnaque aux concours, 2.600 ont \u00e9t\u00e9 notifi\u00e9es depuis janvier 2021 et en un seul jour, le Parquet peut recevoir 12 dossiers.<\/p>\n<p>Cet article <a rel=\"nofollow\" href=\"https:\/\/www.journalducameroun.com\/armee-ivoirienne-plus-de-60-dossiers-de-rackets-bientot-juges-procureur-militaire\/\">Arm\u00e9e ivoirienne: plus de 60 dossiers de rackets bient\u00f4t jug\u00e9s (procureur militaire)<\/a> est apparu en premier sur <a rel=\"nofollow\" href=\"https:\/\/www.journalducameroun.com\/\">Journal du Cameroun<\/a>.<\/p>\n<\/div>\n<p>Auteur: APA News<br \/>\n<a href=\"https:\/\/www.journalducameroun.com\/armee-ivoirienne-plus-de-60-dossiers-de-rackets-bientot-juges-procureur-militaire\/\">Cliquez ici pour lire l&rsquo;article depuis sa source.<\/a><\/p>\n","protected":false},"excerpt":{"rendered":"<p>Plus d&rsquo;une soixantaine de dossiers de rackets impliquant des policiers et des gendarmes, \u00e0 travers le territoire national ivoirien, seront jug\u00e9s lors de la prochaine rentr\u00e9e judiciaire, a annonc\u00e9 vendredi \u00e0 Abidjan, le procureur militaire, Ange Kessi. Le contre-amiral Ange Kessi, commissaire du gouvernement ivoirien, s&rsquo;exprimait \u00e0 l&rsquo;occasion d&rsquo;une conf\u00e9rence de presse initi\u00e9e par le [&hellip;]<\/p>\n","protected":false},"author":1965,"featured_media":0,"comment_status":"closed","ping_status":"closed","sticky":false,"template":"","format":"standard","meta":{"fifu_image_url":"https:\/\/www.journalducameroun.com\/wp-content\/uploads\/2021\/09\/16319026815231.jpg","fifu_image_alt":"Arm\u00e9e ivoirienne: plus de 60 dossiers de rackets bient\u00f4t jug\u00e9s (procureur militaire)","footnotes":""},"categories":[73,82],"tags":[],"class_list":["post-127388","post","type-post","status-publish","format-standard","hentry","category-actualite","category-cameroun"],"_links":{"self":[{"href":"https:\/\/linitiative.ca\/International\/wp-json\/wp\/v2\/posts\/127388","targetHints":{"allow":["GET"]}}],"collection":[{"href":"https:\/\/linitiative.ca\/International\/wp-json\/wp\/v2\/posts"}],"about":[{"href":"https:\/\/linitiative.ca\/International\/wp-json\/wp\/v2\/types\/post"}],"author":[{"embeddable":true,"href":"https:\/\/linitiative.ca\/International\/wp-json\/wp\/v2\/users\/1965"}],"replies":[{"embeddable":true,"href":"https:\/\/linitiative.ca\/International\/wp-json\/wp\/v2\/comments?post=127388"}],"version-history":[{"count":0,"href":"https:\/\/linitiative.ca\/International\/wp-json\/wp\/v2\/posts\/127388\/revisions"}],"wp:attachment":[{"href":"https:\/\/linitiative.ca\/International\/wp-json\/wp\/v2\/media?parent=127388"}],"wp:term":[{"taxonomy":"category","embeddable":true,"href":"https:\/\/linitiative.ca\/International\/wp-json\/wp\/v2\/categories?post=127388"},{"taxonomy":"post_tag","embeddable":true,"href":"https:\/\/linitiative.ca\/International\/wp-json\/wp\/v2\/tags?post=127388"}],"curies":[{"name":"wp","href":"https:\/\/api.w.org\/{rel}","templated":true}]}}