{"id":127390,"date":"2021-09-17T14:27:45","date_gmt":"2021-09-17T18:27:45","guid":{"rendered":"https:\/\/linitiative.ca\/International\/cameroun-selon-lods-la-deputee-nourane-foster-a-amplifie-les-violences-contre-les-policiers\/"},"modified":"2021-09-17T14:27:45","modified_gmt":"2021-09-17T18:27:45","slug":"cameroun-selon-lods-la-deputee-nourane-foster-a-amplifie-les-violences-contre-les-policiers","status":"publish","type":"post","link":"https:\/\/linitiative.ca\/International\/cameroun-selon-lods-la-deputee-nourane-foster-a-amplifie-les-violences-contre-les-policiers\/","title":{"rendered":"Cameroun : selon l\u2019ODS, la deput\u00e9e Nourane Foster a amplifi\u00e9 les violences contre les policiers"},"content":{"rendered":"<div>\n<p><img loading=\"lazy\" decoding=\"async\" width=\"1040\" height=\"468\" src=\"https:\/\/linitiative.ca\/International\/wp-content\/uploads\/sites\/23\/2021\/09\/IMG-20210917-WA0075.jpg\" class=\"attachment-post-thumbnail size-post-thumbnail wp-post-image\" alt=\"\" srcset=\"https:\/\/linitiative.ca\/International\/wp-content\/uploads\/sites\/23\/2021\/09\/IMG-20210917-WA0075.jpg 1040w, https:\/\/www.journalducameroun.com\/wp-content\/uploads\/2021\/09\/IMG-20210917-WA0075-300x135.jpg 300w, https:\/\/www.journalducameroun.com\/wp-content\/uploads\/2021\/09\/IMG-20210917-WA0075-768x346.jpg 768w, https:\/\/www.journalducameroun.com\/wp-content\/uploads\/2021\/09\/IMG-20210917-WA0075-1024x461.jpg 1024w, https:\/\/www.journalducameroun.com\/wp-content\/uploads\/2021\/09\/IMG-20210917-WA0075-978x440.jpg 978w, https:\/\/www.journalducameroun.com\/wp-content\/uploads\/2021\/09\/IMG-20210917-WA0075-600x270.jpg 600w\" sizes=\"auto, (max-width: 1040px) 100vw, 1040px\"><\/p>\n<h5 style=\"text-align: justify;\">L&rsquo;Observatoire du d\u00e9veloppement soci\u00e9tal (ODS) note que depuis le 20 juillet 2021 que des images d&rsquo;une chaude altercation entre le d\u00e9put\u00e9 du PCRN et les forces de maintien de l&rsquo;ordre sont apparues sur la toile, les sc\u00e8nes de violence du m\u00eame type se\u00a0 multiplient \u00e0 travers le pays.<\/h5>\n<p style=\"text-align: justify;\">\n<p style=\"text-align: justify;\">\n<p style=\"text-align: justify;\">Les actes de d\u00e9fiance film\u00e9es contre les forces de maintien de l&rsquo;ordre prennent de l&rsquo;ampleur au Cameroun. <strong>L&rsquo;Observatoire du d\u00e9veloppement soci\u00e9tal<\/strong> affirme que le\u00a0 ph\u00e9nom\u00e8ne s&rsquo;est prolif\u00e9r\u00e9 apr\u00e8s la tentative du d\u00e9put\u00e9 <strong>PCRN,\u00a0 Nourane Foster<\/strong>, de passer en\u00a0 force une barri\u00e8re polici\u00e8re \u00e0 Bafoussam en juillet dernier.<\/p>\n<p style=\"text-align: justify;\"><img loading=\"lazy\" decoding=\"async\" class=\"wp-image-394635  aligncenter\" src=\"https:\/\/linitiative.ca\/International\/wp-content\/uploads\/sites\/23\/2021\/09\/IMG-20210917-WA0079.jpg\" alt=\"\" width=\"350\" height=\"200\"><\/p>\n<p style=\"text-align: justify;\"><span style=\"font-weight: 400;\">\u00ab\u00a0<\/span><em><span style=\"font-weight: 400;\">Le spectacle ridicule et contreproductif d\u2019une \u00e9lue du peuple qui s\u2019acharne \u00e0 d\u00e9fier un service d\u2019ordre mis en place pour assurer en une occasion solennelle la s\u00e9r\u00e9nit\u00e9 de ce peuple qui l\u2019a \u00e9lue, en n\u2019invoquant pour tout argument que sa qualit\u00e9 de d\u00e9put\u00e9, est\u00a0 \u00e0 plus d\u2019un titre illustratif de sa relation distendue avec les fondamentaux de la citoyennet\u00e9, et d\u2019une mentalit\u00e9 qui sans vergogne place son \u00e9go et ce qu\u2019elle estime une r\u00e9alisation personnelle avant ceux-l\u00e0 m\u00eames qui l\u2019ont permise.\u00a0<\/span><span style=\"font-weight: 400;\">Si d\u2019aventure cette personne se trouvait en danger de quelque mani\u00e8re que ce soit, aupr\u00e8s de qui s\u2019estimerait-elle en droit de trouver protection\u00a0?\u00a0<\/span><\/em><span style=\"font-weight: 400;\"><em>Que gagne le Cameroun en de tels agissements\u00a0?<\/em> \u00bb, s&rsquo;interroge le\u00a0<\/span><span style=\"font-weight: 400;\">cordonnateur de l&rsquo;Observatoire du d\u00e9veloppement soci\u00e9tal.\u00a0<\/span><\/p>\n<p style=\"text-align: justify;\">Face \u00e0 la presse ce 17 septembre 2021,\u00a0<strong>Koulou<\/strong><b>\u00a0Engoulou Maurice Lilian Xavier <\/b>(photo), estime que<b> c<\/b><span style=\"font-weight: 400;\">e comportement \u00ab <em>semble malheureusement avoir d\u00e9clench\u00e9 l\u2019\u00e9closion en cha\u00eene d\u2019\u00e9mules anim\u00e9s d\u2019une fr\u00e9n\u00e9sie jusque-l\u00e0 jugul\u00e9e par quelques fragiles lambeaux de r\u00e9v\u00e9rence et de civisme.\u00bb<\/em><\/span><\/p>\n<p style=\"text-align: justify;\">L&rsquo;ODS invite les citoyens \u00e0 plus de\u00a0<span style=\"font-weight: 400;\">civisme, affirme que sans lui l\u2019implosion et la dispersion sociales sont in\u00e9vitables.\u00a0 Il soutient que la force des institutions repose sur le comportement civique des citoyens.\u00a0<\/span><\/p>\n<p style=\"text-align: justify;\">Sur l&rsquo;implication suppos\u00e9e des hommes politiques sur la d\u00e9gradation de la morale sociale, l&rsquo;ONG annonce une r\u00e9flexion.\u00a0 \u00ab\u00a0<em><span style=\"font-weight: 400;\">Nous marquerons un temps d\u2019arr\u00eat pour nous interroger sur l\u2019implication des hommes politiques \u00e0 ce jeu d\u00e9vastateur, eux qui devraient pr\u00eacher par l\u2019exemple, \u00e9duquer le peuple, s\u2019assurer de ce civisme qui b\u00e2tit et p\u00e9rennise une soci\u00e9t\u00e9 aussi diverse que la n\u00f4tre, et notre Etat qui aujourd\u2019hui et demain doit rester stable et puissant, cependant que passent les hommes et leurs ambitions personnelles \u00bb, d\u00e9clare\u00a0<\/span><\/em><span style=\"font-weight: 400;\">Koulou<\/span><span style=\"font-weight: 400;\">\u00a0Engoulou Maurice Lilian Xavier.<\/span><\/p>\n<p style=\"text-align: justify;\">\n<p>Cet article <a rel=\"nofollow\" href=\"https:\/\/www.journalducameroun.com\/cameroun-selon-lods-la-deputee-nourane-foster-a-amplifie-les-violences-contre-les-policiers-cameroun\/\">Cameroun : selon l\u2019ODS, la deput\u00e9e Nourane Foster a amplifi\u00e9 les violences contre les policiers<\/a> est apparu en premier sur <a rel=\"nofollow\" href=\"https:\/\/www.journalducameroun.com\/\">Journal du Cameroun<\/a>.<\/p>\n<\/div>\n<p>Auteur: Christian DJIMADEU<br \/>\n<a href=\"https:\/\/www.journalducameroun.com\/cameroun-selon-lods-la-deputee-nourane-foster-a-amplifie-les-violences-contre-les-policiers-cameroun\/\">Cliquez ici pour lire l&rsquo;article depuis sa source.<\/a><\/p>\n","protected":false},"excerpt":{"rendered":"<p>L&rsquo;Observatoire du d\u00e9veloppement soci\u00e9tal (ODS) note que depuis le 20 juillet 2021 que des images d&rsquo;une chaude altercation entre le d\u00e9put\u00e9 du PCRN et les forces de maintien de l&rsquo;ordre sont apparues sur la toile, les sc\u00e8nes de violence du m\u00eame type se\u00a0 multiplient \u00e0 travers le pays. Les actes de d\u00e9fiance film\u00e9es contre les [&hellip;]<\/p>\n","protected":false},"author":1965,"featured_media":0,"comment_status":"closed","ping_status":"closed","sticky":false,"template":"","format":"standard","meta":{"fifu_image_url":"https:\/\/www.journalducameroun.com\/wp-content\/uploads\/2021\/09\/IMG-20210917-WA0075.jpg","fifu_image_alt":"Cameroun : selon l\u2019ODS, la deput\u00e9e Nourane Foster a amplifi\u00e9 les violences contre les policiers","footnotes":""},"categories":[73,82],"tags":[],"class_list":["post-127390","post","type-post","status-publish","format-standard","hentry","category-actualite","category-cameroun"],"_links":{"self":[{"href":"https:\/\/linitiative.ca\/International\/wp-json\/wp\/v2\/posts\/127390","targetHints":{"allow":["GET"]}}],"collection":[{"href":"https:\/\/linitiative.ca\/International\/wp-json\/wp\/v2\/posts"}],"about":[{"href":"https:\/\/linitiative.ca\/International\/wp-json\/wp\/v2\/types\/post"}],"author":[{"embeddable":true,"href":"https:\/\/linitiative.ca\/International\/wp-json\/wp\/v2\/users\/1965"}],"replies":[{"embeddable":true,"href":"https:\/\/linitiative.ca\/International\/wp-json\/wp\/v2\/comments?post=127390"}],"version-history":[{"count":0,"href":"https:\/\/linitiative.ca\/International\/wp-json\/wp\/v2\/posts\/127390\/revisions"}],"wp:attachment":[{"href":"https:\/\/linitiative.ca\/International\/wp-json\/wp\/v2\/media?parent=127390"}],"wp:term":[{"taxonomy":"category","embeddable":true,"href":"https:\/\/linitiative.ca\/International\/wp-json\/wp\/v2\/categories?post=127390"},{"taxonomy":"post_tag","embeddable":true,"href":"https:\/\/linitiative.ca\/International\/wp-json\/wp\/v2\/tags?post=127390"}],"curies":[{"name":"wp","href":"https:\/\/api.w.org\/{rel}","templated":true}]}}