{"id":127393,"date":"2021-09-17T16:18:02","date_gmt":"2021-09-17T20:18:02","guid":{"rendered":"https:\/\/linitiative.ca\/International\/le-senegal-revoit-a-la-hausse-sa-prevision-de-croissance\/"},"modified":"2021-09-17T16:18:02","modified_gmt":"2021-09-17T20:18:02","slug":"le-senegal-revoit-a-la-hausse-sa-prevision-de-croissance","status":"publish","type":"post","link":"https:\/\/linitiative.ca\/International\/le-senegal-revoit-a-la-hausse-sa-prevision-de-croissance\/","title":{"rendered":"Le S\u00e9n\u00e9gal revoit \u00e0 la hausse sa pr\u00e9vision de croissance"},"content":{"rendered":"<div>\n<p><img loading=\"lazy\" decoding=\"async\" width=\"1280\" height=\"958\" src=\"https:\/\/linitiative.ca\/International\/wp-content\/uploads\/sites\/23\/2021\/09\/16319098828494.jpg\" class=\"attachment-post-thumbnail size-post-thumbnail wp-post-image\" alt=\"\" srcset=\"https:\/\/linitiative.ca\/International\/wp-content\/uploads\/sites\/23\/2021\/09\/16319098828494.jpg 1280w, https:\/\/www.journalducameroun.com\/wp-content\/uploads\/2021\/09\/16319098828494-300x225.jpg 300w, https:\/\/www.journalducameroun.com\/wp-content\/uploads\/2021\/09\/16319098828494-768x575.jpg 768w, https:\/\/www.journalducameroun.com\/wp-content\/uploads\/2021\/09\/16319098828494-1024x766.jpg 1024w, https:\/\/www.journalducameroun.com\/wp-content\/uploads\/2021\/09\/16319098828494-588x440.jpg 588w, https:\/\/www.journalducameroun.com\/wp-content\/uploads\/2021\/09\/16319098828494-600x449.jpg 600w\" sizes=\"auto, (max-width: 1280px) 100vw, 1280px\"><\/p>\n<p>Le taux de croissance du PIB r\u00e9el est d\u00e9sormais projet\u00e9 \u00e0 5% \u00e0 fin d\u00e9cembre 2021, contre une projection initiale de 3,7%, a fait savoir, vendredi, le ministre de l&rsquo;Economie, du Plan et de la Coop\u00e9ration, Amadou Hott.Amadou Hott s&rsquo;est voulu rassurant dans son discours prononc\u00e9 lors de la revue annuelle conjointe (RAC) de la politique \u00e9conomique et sociale. A en croire, le ministre de l&rsquo;Economie, du Plan et de la Coop\u00e9ration, l&rsquo;\u00e9conomie s\u00e9n\u00e9galaise \u00ab augure des perspectives positives\u00a0\u00bb.<\/p>\n<p>En effet, a-t-il soulign\u00e9, malgr\u00e9 la persistance de la pand\u00e9mie de covid-19, le milieu des affaires a affich\u00e9 une certaine r\u00e9silience au premier semestre de l&rsquo;ann\u00e9e 2021, confortant la pertinence des options du Plan d&rsquo;Actions Prioritaires Ajust\u00e9 et Acc\u00e9l\u00e9r\u00e9 (PAP2A).<\/p>\n<p>\u00ab Ainsi, le taux de croissance du PIB r\u00e9el est projet\u00e9 \u00e0 5% \u00e0 fin d\u00e9cembre 2021, contre une projection initiale de 3,7%, \u00e0 la faveur des efforts d&rsquo;ex\u00e9cution des investissements structurants \u00bb, a-t-il d\u00e9clar\u00e9.<\/p>\n<p>Le Gouvernement consolidera cette dynamique en acc\u00e9l\u00e9rant les r\u00e9formes du PAP2A, a assur\u00e9 M. Hott. Il pr\u00e9cise que la suppression de la prime fixe sur l&rsquo;\u00e9lectricit\u00e9 pour les producteurs rizicoles au niveau de la vall\u00e9e du fleuve S\u00e9n\u00e9gal est d\u00e9j\u00e0 effective.<\/p>\n<p>Par ailleurs, Amadou Hott a inform\u00e9 qu&rsquo;apr\u00e8s la promulgation de la loi sur les partenariats public-priv\u00e9 (PPP), le Conseil des Ministres vient d&rsquo;approuver le projet de d\u00e9cret portant application de la loi relative aux PPP.<\/p>\n<p>\u00ab Nous sommes ainsi aux termes d&rsquo;un processus de r\u00e9forme majeure qui dote notre pays d&rsquo;un cadre juridique attractif pour faire des PPP de qualit\u00e9 y compris au niveau des collectivit\u00e9s territoriales\u00a0\u00bb, s&rsquo;est-il f\u00e9licit\u00e9.<\/p>\n<p>Pour le ministre de l&rsquo;\u00c9conomie, ce cadre confirme la volont\u00e9 du Gouvernement de renforcer \u00e9galement les dispositifs de contenu local en faisant la promotion du secteur priv\u00e9 local.<\/p>\n<p>Le Gouvernement pr\u00e9voit d&rsquo;autres r\u00e9formes phares et se projette d&rsquo;\u00eatre dans le top 100 des pays r\u00e9formateurs, a encore dit Amadou Hott.<\/p>\n<p>\u00ab Toutes ces r\u00e9formes visent \u00e0 cr\u00e9er un environnement propice \u00e0 l&rsquo;investissement priv\u00e9, seul gage de renforcement p\u00e9renne des capacit\u00e9s financi\u00e8res internes de l&rsquo;Etat. En attendant, le Gouvernement continuera \u00e0 s&rsquo;appuyer sur la coop\u00e9ration au d\u00e9veloppement pour mobiliser plus de ressources \u00bb, a-t-il pr\u00e9cis\u00e9.<\/p>\n<p>En outre, le ministre Amadou Hott a indiqu\u00e9 que le S\u00e9n\u00e9gal vient de b\u00e9n\u00e9ficier de sa cote part des nouveaux DTS pour un montant de 246,3 milliards FCFA et qu&rsquo;il continue de travailler sur le plan international pour la r\u00e9allocation des DTS des pays du G20 au profit de nos pays.<\/p>\n<p>Cela devrait permettre d&rsquo;avoir plus de capacit\u00e9s pour faire face aux besoins urgents de sant\u00e9, de relance \u00e9conomique, de protection sociale et d&rsquo;autonomisation des jeunes et femmes.<\/p>\n<p>Sur un autre registre, le ministre a \u00e9galement relev\u00e9 que l&rsquo;objectif de souverainet\u00e9 sanitaire et pharmaceutique du pays est en bonne marche.<\/p>\n<p>Le S\u00e9n\u00e9gal est en effet dans le cercle restreint de pays africains aptes \u00e0 produire des vaccins contre la Covid-19 et pour d&rsquo;autres maladies tropicales. Les premi\u00e8res doses sont attendues en 2022, avec le projet de l&rsquo;Institut Pasteur de Dakar, soutenu par tous les partenaires au d\u00e9veloppement.<\/p>\n<p>En cons\u00e9quence, a estim\u00e9 Amadou Hott, \u00ab nous devons rester optimistes tout en demeurant tr\u00e8s vigilants dans un environnement aussi incertain, fortement marqu\u00e9 par les cons\u00e9quences multiformes de la crise sanitaire \u00bb.<\/p>\n<p>Cet article <a rel=\"nofollow\" href=\"https:\/\/www.journalducameroun.com\/le-senegal-revoit-a-la-hausse-sa-prevision-de-croissance\/\">Le S\u00e9n\u00e9gal revoit \u00e0 la hausse sa pr\u00e9vision de croissance<\/a> est apparu en premier sur <a rel=\"nofollow\" href=\"https:\/\/www.journalducameroun.com\/\">Journal du Cameroun<\/a>.<\/p>\n<\/div>\n<p>Auteur: APA News<br \/>\n<a href=\"https:\/\/www.journalducameroun.com\/le-senegal-revoit-a-la-hausse-sa-prevision-de-croissance\/\">Cliquez ici pour lire l&rsquo;article depuis sa source.<\/a><\/p>\n","protected":false},"excerpt":{"rendered":"<p>Le taux de croissance du PIB r\u00e9el est d\u00e9sormais projet\u00e9 \u00e0 5% \u00e0 fin d\u00e9cembre 2021, contre une projection initiale de 3,7%, a fait savoir, vendredi, le ministre de l&rsquo;Economie, du Plan et de la Coop\u00e9ration, Amadou Hott.Amadou Hott s&rsquo;est voulu rassurant dans son discours prononc\u00e9 lors de la revue annuelle conjointe (RAC) de la [&hellip;]<\/p>\n","protected":false},"author":1965,"featured_media":0,"comment_status":"closed","ping_status":"closed","sticky":false,"template":"","format":"standard","meta":{"fifu_image_url":"https:\/\/www.journalducameroun.com\/wp-content\/uploads\/2021\/09\/16319098828494.jpg","fifu_image_alt":"Le S\u00e9n\u00e9gal revoit \u00e0 la hausse sa pr\u00e9vision de croissance","footnotes":""},"categories":[73,82],"tags":[],"class_list":["post-127393","post","type-post","status-publish","format-standard","hentry","category-actualite","category-cameroun"],"_links":{"self":[{"href":"https:\/\/linitiative.ca\/International\/wp-json\/wp\/v2\/posts\/127393","targetHints":{"allow":["GET"]}}],"collection":[{"href":"https:\/\/linitiative.ca\/International\/wp-json\/wp\/v2\/posts"}],"about":[{"href":"https:\/\/linitiative.ca\/International\/wp-json\/wp\/v2\/types\/post"}],"author":[{"embeddable":true,"href":"https:\/\/linitiative.ca\/International\/wp-json\/wp\/v2\/users\/1965"}],"replies":[{"embeddable":true,"href":"https:\/\/linitiative.ca\/International\/wp-json\/wp\/v2\/comments?post=127393"}],"version-history":[{"count":0,"href":"https:\/\/linitiative.ca\/International\/wp-json\/wp\/v2\/posts\/127393\/revisions"}],"wp:attachment":[{"href":"https:\/\/linitiative.ca\/International\/wp-json\/wp\/v2\/media?parent=127393"}],"wp:term":[{"taxonomy":"category","embeddable":true,"href":"https:\/\/linitiative.ca\/International\/wp-json\/wp\/v2\/categories?post=127393"},{"taxonomy":"post_tag","embeddable":true,"href":"https:\/\/linitiative.ca\/International\/wp-json\/wp\/v2\/tags?post=127393"}],"curies":[{"name":"wp","href":"https:\/\/api.w.org\/{rel}","templated":true}]}}