{"id":127398,"date":"2021-09-17T20:18:01","date_gmt":"2021-09-18T00:18:01","guid":{"rendered":"https:\/\/linitiative.ca\/International\/ferdinand-lia-president-de-la-jeunesse-du-fpi-nomme-vice-president-du-parti\/"},"modified":"2021-09-17T20:18:01","modified_gmt":"2021-09-18T00:18:01","slug":"ferdinand-lia-president-de-la-jeunesse-du-fpi-nomme-vice-president-du-parti","status":"publish","type":"post","link":"https:\/\/linitiative.ca\/International\/ferdinand-lia-president-de-la-jeunesse-du-fpi-nomme-vice-president-du-parti\/","title":{"rendered":"Ferdinand Lia, pr\u00e9sident de la jeunesse du FPI nomm\u00e9 vice-pr\u00e9sident du parti"},"content":{"rendered":"<div>\n<p><img loading=\"lazy\" decoding=\"async\" width=\"512\" height=\"341\" src=\"https:\/\/linitiative.ca\/International\/wp-content\/uploads\/sites\/23\/2021\/09\/16319242813469.jpg\" class=\"attachment-post-thumbnail size-post-thumbnail wp-post-image\" alt=\"\" srcset=\"https:\/\/linitiative.ca\/International\/wp-content\/uploads\/sites\/23\/2021\/09\/16319242813469.jpg 512w, https:\/\/www.journalducameroun.com\/wp-content\/uploads\/2021\/09\/16319242813469-300x200.jpg 300w\" sizes=\"auto, (max-width: 512px) 100vw, 512px\"><\/p>\n<p>Le pr\u00e9sident du Front populaire ivoirien (FPI, opposition), Pascal Affi N&rsquo;Guessan, a nomm\u00e9 jeudi le pr\u00e9sident de la jeunesse du parti, Lia Gnan Ferdinand, en qualit\u00e9 de vice-pr\u00e9sident, charg\u00e9 de la mobilisation et de l&rsquo;animation politique, \u00e0 la suite d&rsquo;un r\u00e9amenagement du secr\u00e9tariat ex\u00e9cutif.<\/p>\n<p>Dans le communiqu\u00e9 qui \u00e9num\u00e8re les diff\u00e9rentes nominations, \u00a0il est indiqu\u00e9 que ce r\u00e9am\u00e9nagement r\u00e9pond \u00e0 deux objectifs majeurs, notamment doter chacune des R\u00e9gions administratives d&rsquo;une vice pr\u00e9sidence par l&rsquo;autonomisation de certaines d&rsquo;entre elles initialement regroup\u00e9es autour d&rsquo;une vice pr\u00e9sidence unique.<\/p>\n<p>En outre, ce r\u00e9am\u00e9nagement vise \u00e0 faire la promotion des jeunes, consacrant ainsi le rajeunissement de la direction du Front populaire ivoirien, souligne le communiqu\u00e9 dont APA a re\u00e7u copie.\u00a0<\/p>\n<p>Selon la formation politique, la finalit\u00e9 est d'\u00a0\u00bb\u0153uvrer au rapprochement de la direction avec la base pour plus de proximit\u00e9 et pour une gouvernance proactive permettant \u00a0d&rsquo;atteindre les objectifs assign\u00e9s au parti\u00a0\u00bb.<\/p>\n<p>Tous les autres membres de la direction demeurent \u00e0 leurs postes respectifs, mentionne le communiqu\u00e9 sign\u00e9 par le secr\u00e9taire g\u00e9n\u00e9ral et porte-parole du FPI, Issiaka Sangar\u00e9.<\/p>\n<p>Voici les nouvelles attributions:\u00a0<\/p>\n<p>1\/ VP YAPO Atse Benjamin<\/p>\n<p>Vice-pr\u00e9sident charg\u00e9 de la r\u00e9gion de la M\u00e9;<\/p>\n<p>2\/ BOUABRE Aban\u00e9 Yvonne<\/p>\n<p>Vice-pr\u00e9sidente charg\u00e9e des Infrastructures \u00c9conomiques et de l&rsquo;Energie et des f\u00e9d\u00e9rations d&rsquo;Abidjan Sud;<\/p>\n<p>3\/ TOURE Amara \u00a0<\/p>\n<p>Vice-pr\u00e9sident charg\u00e9 des r\u00e9gions du Denguele et du Folon ;<\/p>\n<p>4\/ KOFFI Aka<\/p>\n<p>\u00a0Vice-pr\u00e9sident charg\u00e9 de la r\u00e9gion du Moronou;<\/p>\n<p>5\/ DAGBO God\u00e9 Pierre\u00a0<\/p>\n<p>\u00a0Vice-pr\u00e9sident charg\u00e9 des Affaires Juridiques, Institutionnelles et des Relations Internationales et des f\u00e9d\u00e9rations d&rsquo;Abidjan Banco (Yopougon Songon);<\/p>\n<p>6\/ BIH \u00c9milie \u00a0<\/p>\n<p>Vice-pr\u00e9sident charg\u00e9 de l&rsquo;Enseignement Technique, de la Formation Professionnelle et de l&rsquo;Emploi;<\/p>\n<p>7\/ N&rsquo;DA EDOUKOU BERNHARDT \u00a0<\/p>\n<p>Vice-pr\u00e9sident charg\u00e9 des f\u00e9d\u00e9rations de l&rsquo;Indeni\u00e9-Djuablin;<\/p>\n<p>8\/ DAN TH\u00c9 Appolos\u00a0<\/p>\n<p>Vice-pr\u00e9sident charg\u00e9 de l&rsquo;Economie Mondiale, de la Mondialisation et des Politiques d&rsquo;int\u00e9grations ;<\/p>\n<p>9\/ DIABATE Beh \u00a0<\/p>\n<p>Vice-pr\u00e9sident charg\u00e9 des Districts d&rsquo;Abidjan 2A ( Abidjan Anyama) et du Tchologo;<\/p>\n<p>10\/ KOUASSI YAO Rapha\u00ebl<\/p>\n<p>Vice-pr\u00e9sident charg\u00e9 de la Politique Culturelle et des f\u00e9d\u00e9rations de la Vall\u00e9e du Bandama;<\/p>\n<p>11\/ N&rsquo;GUESSAN Amelan Simone Secr\u00e9taire G\u00e9n\u00e9rale Adjoint charg\u00e9e du Patrimoine du Parti et des f\u00e9d\u00e9rations d&rsquo;abidjan (Abobo Anyama)<\/p>\n<p>AU TITRE DES NOMINATIONS\u00a0<\/p>\n<p>1\/ TRAOR\u00c9 Idrissa<\/p>\n<p>Vice-pr\u00e9sident charg\u00e9 des f\u00e9d\u00e9rations d&rsquo;Abidjan Centre (Plateau, Adjam\u00e9-Williams, Attecoube)\u00a0<\/p>\n<p>2\/ LlA GNAN Ferdinand\u00a0<\/p>\n<p>Vice-pr\u00e9sident charg\u00e9 de la mobilisation et de l&rsquo;Animation politique<\/p>\n<p>3\/ KAMBOU DIFILE,\u00a0<\/p>\n<p>vice-pr\u00e9sident charg\u00e9 des f\u00e9d\u00e9rations de la r\u00e9gion du Boukani<\/p>\n<p>4\/ADER YA KOUADIO \u00c9tienne\u00a0<\/p>\n<p>vice-pr\u00e9sident charg\u00e9 des f\u00e9d\u00e9rations de la r\u00e9gion du IFFOU et du N&rsquo;ZI<\/p>\n<p>5\/ N&rsquo;GUESSAN Kotchi R\u00e9mi<\/p>\n<p>vice-pr\u00e9sident charg\u00e9 des Hydrocarbures, des Mines et de l&rsquo;Energie<\/p>\n<p>6\/ DJEKE KOFFI,<\/p>\n<p>Vice-pr\u00e9sident charg\u00e9 des f\u00e9d\u00e9rations de la r\u00e9gion des Lacs et du B\u00e9lier ;<\/p>\n<p>7\/ TRAORE Beh<\/p>\n<p>Vice-pr\u00e9sident charg\u00e9 des f\u00e9d\u00e9rations des r\u00e9gions de la Bagoue et du Poro<\/p>\n<p>8\/ KANE METOU<\/p>\n<p>vice-pr\u00e9sident charg\u00e9 des f\u00e9d\u00e9rations du District du Woroba (Worodougou, Bafing et B\u00e9r\u00e9)<\/p>\n<p>20\/ TAHOU Thierry<\/p>\n<p>vice-pr\u00e9sident charg\u00e9 des f\u00e9d\u00e9rations du Guemon<\/p>\n<p>Cet article <a rel=\"nofollow\" href=\"https:\/\/www.journalducameroun.com\/ferdinand-lia-president-de-la-jeunesse-du-fpi-nomme-vice-president-du-parti\/\">Ferdinand Lia, pr\u00e9sident de la jeunesse du FPI nomm\u00e9 vice-pr\u00e9sident du parti<\/a> est apparu en premier sur <a rel=\"nofollow\" href=\"https:\/\/www.journalducameroun.com\/\">Journal du Cameroun<\/a>.<\/p>\n<\/div>\n<p>Auteur: APA News<br \/>\n<a href=\"https:\/\/www.journalducameroun.com\/ferdinand-lia-president-de-la-jeunesse-du-fpi-nomme-vice-president-du-parti\/\">Cliquez ici pour lire l&rsquo;article depuis sa source.<\/a><\/p>\n","protected":false},"excerpt":{"rendered":"<p>Le pr\u00e9sident du Front populaire ivoirien (FPI, opposition), Pascal Affi N&rsquo;Guessan, a nomm\u00e9 jeudi le pr\u00e9sident de la jeunesse du parti, Lia Gnan Ferdinand, en qualit\u00e9 de vice-pr\u00e9sident, charg\u00e9 de la mobilisation et de l&rsquo;animation politique, \u00e0 la suite d&rsquo;un r\u00e9amenagement du secr\u00e9tariat ex\u00e9cutif. Dans le communiqu\u00e9 qui \u00e9num\u00e8re les diff\u00e9rentes nominations, \u00a0il est indiqu\u00e9 [&hellip;]<\/p>\n","protected":false},"author":1965,"featured_media":0,"comment_status":"closed","ping_status":"closed","sticky":false,"template":"","format":"standard","meta":{"fifu_image_url":"https:\/\/www.journalducameroun.com\/wp-content\/uploads\/2021\/09\/16319242813469.jpg","fifu_image_alt":"Ferdinand Lia, pr\u00e9sident de la jeunesse du FPI nomm\u00e9 vice-pr\u00e9sident du parti","footnotes":""},"categories":[73,82],"tags":[],"class_list":["post-127398","post","type-post","status-publish","format-standard","hentry","category-actualite","category-cameroun"],"_links":{"self":[{"href":"https:\/\/linitiative.ca\/International\/wp-json\/wp\/v2\/posts\/127398","targetHints":{"allow":["GET"]}}],"collection":[{"href":"https:\/\/linitiative.ca\/International\/wp-json\/wp\/v2\/posts"}],"about":[{"href":"https:\/\/linitiative.ca\/International\/wp-json\/wp\/v2\/types\/post"}],"author":[{"embeddable":true,"href":"https:\/\/linitiative.ca\/International\/wp-json\/wp\/v2\/users\/1965"}],"replies":[{"embeddable":true,"href":"https:\/\/linitiative.ca\/International\/wp-json\/wp\/v2\/comments?post=127398"}],"version-history":[{"count":0,"href":"https:\/\/linitiative.ca\/International\/wp-json\/wp\/v2\/posts\/127398\/revisions"}],"wp:attachment":[{"href":"https:\/\/linitiative.ca\/International\/wp-json\/wp\/v2\/media?parent=127398"}],"wp:term":[{"taxonomy":"category","embeddable":true,"href":"https:\/\/linitiative.ca\/International\/wp-json\/wp\/v2\/categories?post=127398"},{"taxonomy":"post_tag","embeddable":true,"href":"https:\/\/linitiative.ca\/International\/wp-json\/wp\/v2\/tags?post=127398"}],"curies":[{"name":"wp","href":"https:\/\/api.w.org\/{rel}","templated":true}]}}