{"id":127402,"date":"2021-09-17T18:13:56","date_gmt":"2021-09-17T22:13:56","guid":{"rendered":"https:\/\/linitiative.ca\/International\/tunisie-18e-sommet-de-la-francophonie-une-delegation-diplomatique-visite-lile-de-djerba\/"},"modified":"2021-09-17T18:13:56","modified_gmt":"2021-09-17T22:13:56","slug":"tunisie-18e-sommet-de-la-francophonie-une-delegation-diplomatique-visite-lile-de-djerba","status":"publish","type":"post","link":"https:\/\/linitiative.ca\/International\/tunisie-18e-sommet-de-la-francophonie-une-delegation-diplomatique-visite-lile-de-djerba\/","title":{"rendered":"Tunisie-18e Sommet de la Francophonie : Une d\u00e9l\u00e9gation diplomatique visite l\u2019\u00eele de Djerba"},"content":{"rendered":"<div>\n<p>En vue de l\u2019organisation du 18e Sommet de la Francophonie les 20 et 21 novembre 2021, une d\u00e9l\u00e9gation diplomatique compos\u00e9e de 27 ambassadeurs et repr\u00e9sentants d\u2019une mission diplomatique accr\u00e9dit\u00e9s en Tunisie d\u2019Etats membres et d\u2019observateurs de l\u2019International L\u2019Organisation de la Francophonie a effectu\u00e9, les 16 et 17 septembre 2021, une visite de travail sur l\u2019\u00eele [\u2026]<\/p>\n<p>L\u2019article <a href=\"https:\/\/www.tunisienumerique.com\/tunisie-18e-sommet-de-la-francophonie-une-delegation-diplomatique-visite-lile-de-djerba\/\">Tunisie-18e Sommet de la Francophonie : Une d\u00e9l\u00e9gation diplomatique visite l\u2019\u00eele de Djerba<\/a> est apparu en premier sur <a href=\"https:\/\/www.tunisienumerique.com\/\">Tunisie<\/a>.<\/p>\n<\/div>\n<p>Auteur: rania ben slimane<br \/>\n<a href=\"https:\/\/www.tunisienumerique.com\/tunisie-18e-sommet-de-la-francophonie-une-delegation-diplomatique-visite-lile-de-djerba\/\">Cliquez ici pour lire l&rsquo;article depuis sa source.<\/a><\/p>\n","protected":false},"excerpt":{"rendered":"<p>En vue de l\u2019organisation du 18e Sommet de la Francophonie les 20 et 21 novembre 2021, une d\u00e9l\u00e9gation diplomatique compos\u00e9e de 27 ambassadeurs et repr\u00e9sentants d\u2019une mission diplomatique accr\u00e9dit\u00e9s en Tunisie d\u2019Etats membres et d\u2019observateurs de l\u2019International L\u2019Organisation de la Francophonie a effectu\u00e9, les 16 et 17 septembre 2021, une visite de travail sur l\u2019\u00eele [&hellip;]<\/p>\n","protected":false},"author":1789,"featured_media":0,"comment_status":"closed","ping_status":"closed","sticky":false,"template":"","format":"standard","meta":{"fifu_image_url":"","fifu_image_alt":"","footnotes":""},"categories":[73,55],"tags":[],"class_list":["post-127402","post","type-post","status-publish","format-standard","hentry","category-actualite","category-tunisie"],"_links":{"self":[{"href":"https:\/\/linitiative.ca\/International\/wp-json\/wp\/v2\/posts\/127402","targetHints":{"allow":["GET"]}}],"collection":[{"href":"https:\/\/linitiative.ca\/International\/wp-json\/wp\/v2\/posts"}],"about":[{"href":"https:\/\/linitiative.ca\/International\/wp-json\/wp\/v2\/types\/post"}],"author":[{"embeddable":true,"href":"https:\/\/linitiative.ca\/International\/wp-json\/wp\/v2\/users\/1789"}],"replies":[{"embeddable":true,"href":"https:\/\/linitiative.ca\/International\/wp-json\/wp\/v2\/comments?post=127402"}],"version-history":[{"count":0,"href":"https:\/\/linitiative.ca\/International\/wp-json\/wp\/v2\/posts\/127402\/revisions"}],"wp:attachment":[{"href":"https:\/\/linitiative.ca\/International\/wp-json\/wp\/v2\/media?parent=127402"}],"wp:term":[{"taxonomy":"category","embeddable":true,"href":"https:\/\/linitiative.ca\/International\/wp-json\/wp\/v2\/categories?post=127402"},{"taxonomy":"post_tag","embeddable":true,"href":"https:\/\/linitiative.ca\/International\/wp-json\/wp\/v2\/tags?post=127402"}],"curies":[{"name":"wp","href":"https:\/\/api.w.org\/{rel}","templated":true}]}}