{"id":127403,"date":"2021-09-17T20:18:02","date_gmt":"2021-09-18T00:18:02","guid":{"rendered":"https:\/\/linitiative.ca\/International\/deces-de-lex-president-algerien-abdelaziz-bouteflika\/"},"modified":"2021-09-17T20:18:02","modified_gmt":"2021-09-18T00:18:02","slug":"deces-de-lex-president-algerien-abdelaziz-bouteflika","status":"publish","type":"post","link":"https:\/\/linitiative.ca\/International\/deces-de-lex-president-algerien-abdelaziz-bouteflika\/","title":{"rendered":"D\u00e9c\u00e8s de l\u2019ex-pr\u00e9sident alg\u00e9rien Abdelaziz Bouteflika"},"content":{"rendered":"<div>\n<p><img loading=\"lazy\" decoding=\"async\" width=\"1754\" height=\"978\" src=\"https:\/\/linitiative.ca\/International\/wp-content\/uploads\/sites\/23\/2021\/09\/16319242824680.jpg\" class=\"attachment-post-thumbnail size-post-thumbnail wp-post-image\" alt=\"\" srcset=\"https:\/\/linitiative.ca\/International\/wp-content\/uploads\/sites\/23\/2021\/09\/16319242824680.jpg 1754w, https:\/\/www.journalducameroun.com\/wp-content\/uploads\/2021\/09\/16319242824680-300x167.jpg 300w, https:\/\/www.journalducameroun.com\/wp-content\/uploads\/2021\/09\/16319242824680-768x428.jpg 768w, https:\/\/www.journalducameroun.com\/wp-content\/uploads\/2021\/09\/16319242824680-1024x571.jpg 1024w, https:\/\/www.journalducameroun.com\/wp-content\/uploads\/2021\/09\/16319242824680-160x90.jpg 160w, https:\/\/www.journalducameroun.com\/wp-content\/uploads\/2021\/09\/16319242824680-240x135.jpg 240w, https:\/\/www.journalducameroun.com\/wp-content\/uploads\/2021\/09\/16319242824680-789x440.jpg 789w, https:\/\/www.journalducameroun.com\/wp-content\/uploads\/2021\/09\/16319242824680-600x335.jpg 600w\" sizes=\"auto, (max-width: 1754px) 100vw, 1754px\"><\/p>\n<p>L&rsquo;ex-pr\u00e9sident alg\u00e9rien Abdelaziz Bouteflika est d\u00e9c\u00e9d\u00e9 ce vendredi, a annonc\u00e9 la Pr\u00e9sidence de la R\u00e9publique dans un communiqu\u00e9.g\u00e9 de 84 ans, Abdelaziz Bouteflika avait \u00e9t\u00e9 \u00e9lu, pour la premi\u00e8re fois, \u00e0 la t\u00eate de l&rsquo;Alg\u00e9rie en 1999. Plusieurs fois r\u00e9\u00e9lu ensuite, il restera durant Vincent ans comme pr\u00e9sident avant qu&rsquo;un mouvement de contestation populaire, le Hirak (mouvement populaire) pr\u00e9cipite son d\u00e9part \u00a0obtenu sous la pression de l&rsquo;arm\u00e9e alors qu&rsquo;il s&rsquo;appr\u00eatait \u00e0 briguer un cinqui\u00e8me mandat controvers\u00e9 en 2019,<br \/>\n\tVictime en 2013 d&rsquo;un grave accident vasculaire c\u00e9r\u00e9bral, il verra son \u00e9tat de sant\u00e9 progressivement se regarder, pour s&rsquo;aggraver apr\u00e8s sa d\u00e9mission forc\u00e9e.\u00a0<\/p>\n<p>N\u00e9 le 2 mars 1937 \u00e0 Oujda au Maroc, il grandit dans un milieu modeste, sa m\u00e8re \u00e9tant g\u00e9rante d&rsquo;un bain maure. Il s&rsquo;engage contre la pr\u00e9sence coloniale fran\u00e7aise au moment de la guerre d&rsquo;Alg\u00e9rie. Lorsque la gr\u00e8ve des \u00e9tudiants est d\u00e9cid\u00e9e par le Front de lib\u00e9ration nationale (FLN), fer de lance de la lutte pour l&rsquo;ind\u00e9pendance alg\u00e9rienne,\u00a0en mai 1956, il rejoint les rangs de l&rsquo;Arm\u00e9e de lib\u00e9ration nationale (ALN). Tr\u00e8s vite, il est affect\u00e9 au secr\u00e9tariat de l&rsquo;\u00e9tat-major g\u00e9n\u00e9ral de l&rsquo;arm\u00e9e des fronti\u00e8res. Il \u00e9tait appel\u00e9 \u00e0 travailler au sein de l&rsquo;\u00e9tat-major avec le colonel Houari Boumediene, dont il devient l&rsquo;homme lige.<\/p>\n<p>A l&rsquo;ind\u00e9pendance en 1962, il a \u00e9t\u00e9 nomm\u00e9, \u00e0 25 ans, ministre des Sports et du Tourisme, avant d&rsquo;h\u00e9riter un an plus tard du portefeuille des Affaires \u00e9trang\u00e8res, qu&rsquo;il conserve jusqu&rsquo;en 1979.<\/p>\n<p>En 1965, il soutient le coup d&rsquo;Etat de Houari Boum\u00e9di\u00e8ne, alors ministre de la D\u00e9fense, qui renverse le pr\u00e9sident Ahmed Ben Bella. S&rsquo;affirmant comme le dauphin de Boum\u00e9di\u00e8ne, qui d\u00e9c\u00e8de en 1978, il est n\u00e9anmoins \u00e9cart\u00e9 de la succession par l&rsquo;arm\u00e9e, puis de la sc\u00e8ne politique sur fond d&rsquo;accusations de malversations. Il s&rsquo;exile \u00e0 Duba\u00ef et Gen\u00e8ve.<\/p>\n<p>C&rsquo;est pourtant l&rsquo;arm\u00e9e qui l&rsquo;impose en 1999. Il est sorti vainqueur de la pr\u00e9sidentielle apr\u00e8s le retrait de ses adversaires qui d\u00e9non\u00e7aient\u00a0des fraudes.<\/p>\n<p>Cet article <a rel=\"nofollow\" href=\"https:\/\/www.journalducameroun.com\/deces-de-lex-president-algerien-abdelaziz-bouteflika\/\">D\u00e9c\u00e8s de l\u2019ex-pr\u00e9sident alg\u00e9rien Abdelaziz Bouteflika<\/a> est apparu en premier sur <a rel=\"nofollow\" href=\"https:\/\/www.journalducameroun.com\/\">Journal du Cameroun<\/a>.<\/p>\n<\/div>\n<p>Auteur: APA News<br \/>\n<a href=\"https:\/\/www.journalducameroun.com\/deces-de-lex-president-algerien-abdelaziz-bouteflika\/\">Cliquez ici pour lire l&rsquo;article depuis sa source.<\/a><\/p>\n","protected":false},"excerpt":{"rendered":"<p>L&rsquo;ex-pr\u00e9sident alg\u00e9rien Abdelaziz Bouteflika est d\u00e9c\u00e9d\u00e9 ce vendredi, a annonc\u00e9 la Pr\u00e9sidence de la R\u00e9publique dans un communiqu\u00e9.g\u00e9 de 84 ans, Abdelaziz Bouteflika avait \u00e9t\u00e9 \u00e9lu, pour la premi\u00e8re fois, \u00e0 la t\u00eate de l&rsquo;Alg\u00e9rie en 1999. Plusieurs fois r\u00e9\u00e9lu ensuite, il restera durant Vincent ans comme pr\u00e9sident avant qu&rsquo;un mouvement de contestation populaire, le [&hellip;]<\/p>\n","protected":false},"author":1965,"featured_media":0,"comment_status":"closed","ping_status":"closed","sticky":false,"template":"","format":"standard","meta":{"fifu_image_url":"https:\/\/www.journalducameroun.com\/wp-content\/uploads\/2021\/09\/16319242824680.jpg","fifu_image_alt":"D\u00e9c\u00e8s de l\u2019ex-pr\u00e9sident alg\u00e9rien Abdelaziz Bouteflika","footnotes":""},"categories":[73,82],"tags":[],"class_list":["post-127403","post","type-post","status-publish","format-standard","hentry","category-actualite","category-cameroun"],"_links":{"self":[{"href":"https:\/\/linitiative.ca\/International\/wp-json\/wp\/v2\/posts\/127403","targetHints":{"allow":["GET"]}}],"collection":[{"href":"https:\/\/linitiative.ca\/International\/wp-json\/wp\/v2\/posts"}],"about":[{"href":"https:\/\/linitiative.ca\/International\/wp-json\/wp\/v2\/types\/post"}],"author":[{"embeddable":true,"href":"https:\/\/linitiative.ca\/International\/wp-json\/wp\/v2\/users\/1965"}],"replies":[{"embeddable":true,"href":"https:\/\/linitiative.ca\/International\/wp-json\/wp\/v2\/comments?post=127403"}],"version-history":[{"count":0,"href":"https:\/\/linitiative.ca\/International\/wp-json\/wp\/v2\/posts\/127403\/revisions"}],"wp:attachment":[{"href":"https:\/\/linitiative.ca\/International\/wp-json\/wp\/v2\/media?parent=127403"}],"wp:term":[{"taxonomy":"category","embeddable":true,"href":"https:\/\/linitiative.ca\/International\/wp-json\/wp\/v2\/categories?post=127403"},{"taxonomy":"post_tag","embeddable":true,"href":"https:\/\/linitiative.ca\/International\/wp-json\/wp\/v2\/tags?post=127403"}],"curies":[{"name":"wp","href":"https:\/\/api.w.org\/{rel}","templated":true}]}}