{"id":127404,"date":"2021-09-17T18:07:51","date_gmt":"2021-09-17T22:07:51","guid":{"rendered":"https:\/\/linitiative.ca\/International\/pass-vaccinal-marocain-reconnu-par-lu-e-ce-quil-faut-savoir\/"},"modified":"2021-09-17T18:07:51","modified_gmt":"2021-09-17T22:07:51","slug":"pass-vaccinal-marocain-reconnu-par-lu-e-ce-quil-faut-savoir","status":"publish","type":"post","link":"https:\/\/linitiative.ca\/International\/pass-vaccinal-marocain-reconnu-par-lu-e-ce-quil-faut-savoir\/","title":{"rendered":"Pass vaccinal marocain reconnu par l\u2019U.E. Ce qu\u2019il faut savoir"},"content":{"rendered":"<div><img decoding=\"async\" width=\"2560\" height=\"1744\" src=\"https:\/\/linitiative.ca\/International\/wp-content\/uploads\/sites\/23\/2021\/09\/Passeport-vaccinal-scaled-1.jpg\" class=\"attachment-post-thumbnail size-post-thumbnail wp-post-image\" alt=\"\" loading=\"lazy\" srcset=\"https:\/\/linitiative.ca\/International\/wp-content\/uploads\/sites\/23\/2021\/09\/Passeport-vaccinal-scaled-1.jpg 2560w, https:\/\/www.challenge.ma\/wp-content\/uploads\/2021\/04\/Passeport-vaccinal-scaled-1-300x204.jpg 300w, https:\/\/www.challenge.ma\/wp-content\/uploads\/2021\/04\/Passeport-vaccinal-scaled-1-1024x698.jpg 1024w\" sizes=\"auto, (max-width: 2560px) 100vw, 2560px\" itemprop=\"image\">Le certificat de vaccination d\u00e9livr\u00e9 par Maroc est d\u00e9sormais reconnu valide par l\u2019Union Europ\u00e9enne. Cependant, ce n\u2019est pas tout le monde qui est concern\u00e9. Explication. Le pass vaccinal marocain est d\u00e9sormais reconnu dans l\u2019Union Europ\u00e9enne. L\u2019annonce officielle de cette nouvelle mesure a \u00e9t\u00e9 faite le 15 septembre dernier. \u00ab Aux<\/div>\n<p>Auteur: challenge<br \/>\n<a href=\"https:\/\/www.challenge.ma\/pass-vaccinal-marocain-reconnu-par-lu-e-ce-quil-faut-savoir-221200\/\">Cliquez ici pour lire l&rsquo;article depuis sa source.<\/a><\/p>\n","protected":false},"excerpt":{"rendered":"<p>Le certificat de vaccination d\u00e9livr\u00e9 par Maroc est d\u00e9sormais reconnu valide par l\u2019Union Europ\u00e9enne. Cependant, ce n\u2019est pas tout le monde qui est concern\u00e9. Explication. Le pass vaccinal marocain est d\u00e9sormais reconnu dans l\u2019Union Europ\u00e9enne. L\u2019annonce officielle de cette nouvelle mesure a \u00e9t\u00e9 faite le 15 septembre dernier. \u00ab Aux Auteur: challenge Cliquez ici pour [&hellip;]<\/p>\n","protected":false},"author":1787,"featured_media":0,"comment_status":"closed","ping_status":"closed","sticky":false,"template":"","format":"standard","meta":{"fifu_image_url":"https:\/\/www.challenge.ma\/wp-content\/uploads\/2021\/04\/Passeport-vaccinal-scaled-1.jpg","fifu_image_alt":"Pass vaccinal marocain reconnu par l\u2019U.E. Ce qu\u2019il faut savoir","footnotes":""},"categories":[78,54],"tags":[],"class_list":["post-127404","post","type-post","status-publish","format-standard","hentry","category-economie","category-maroc"],"_links":{"self":[{"href":"https:\/\/linitiative.ca\/International\/wp-json\/wp\/v2\/posts\/127404","targetHints":{"allow":["GET"]}}],"collection":[{"href":"https:\/\/linitiative.ca\/International\/wp-json\/wp\/v2\/posts"}],"about":[{"href":"https:\/\/linitiative.ca\/International\/wp-json\/wp\/v2\/types\/post"}],"author":[{"embeddable":true,"href":"https:\/\/linitiative.ca\/International\/wp-json\/wp\/v2\/users\/1787"}],"replies":[{"embeddable":true,"href":"https:\/\/linitiative.ca\/International\/wp-json\/wp\/v2\/comments?post=127404"}],"version-history":[{"count":0,"href":"https:\/\/linitiative.ca\/International\/wp-json\/wp\/v2\/posts\/127404\/revisions"}],"wp:attachment":[{"href":"https:\/\/linitiative.ca\/International\/wp-json\/wp\/v2\/media?parent=127404"}],"wp:term":[{"taxonomy":"category","embeddable":true,"href":"https:\/\/linitiative.ca\/International\/wp-json\/wp\/v2\/categories?post=127404"},{"taxonomy":"post_tag","embeddable":true,"href":"https:\/\/linitiative.ca\/International\/wp-json\/wp\/v2\/tags?post=127404"}],"curies":[{"name":"wp","href":"https:\/\/api.w.org\/{rel}","templated":true}]}}