{"id":127408,"date":"2021-09-17T18:54:14","date_gmt":"2021-09-17T22:54:14","guid":{"rendered":"https:\/\/linitiative.ca\/International\/2-412-cas-plus-de-173-millions-de-personnes-completement-vaccinees\/"},"modified":"2021-09-17T18:54:14","modified_gmt":"2021-09-17T22:54:14","slug":"2-412-cas-plus-de-173-millions-de-personnes-completement-vaccinees","status":"publish","type":"post","link":"https:\/\/linitiative.ca\/International\/2-412-cas-plus-de-173-millions-de-personnes-completement-vaccinees\/","title":{"rendered":"2.412 cas, plus de 17,3 millions de personnes compl\u00e8tement vaccin\u00e9es"},"content":{"rendered":"<div>\n<div style=\"margin-bottom:20px;\"><img loading=\"lazy\" decoding=\"async\" width=\"750\" height=\"430\" src=\"https:\/\/linitiative.ca\/International\/wp-content\/uploads\/sites\/23\/2021\/09\/cov-fr-7.jpg\" class=\"attachment-post-thumbnail size-post-thumbnail wp-post-image\" alt=\"\" srcset=\"https:\/\/linitiative.ca\/International\/wp-content\/uploads\/sites\/23\/2021\/09\/cov-fr-7.jpg 750w, http:\/\/www.mapmarrakech.ma\/map\/uploads\/2021\/09\/cov-fr-7-300x172.jpg 300w\" sizes=\"auto, (max-width: 750px) 100vw, 750px\"><\/div>\n<p>Le nombre de primo-vaccin\u00e9s a atteint 20.930.915 alors que celui des personnes compl\u00e8tement vaccin\u00e9es (1\u00e8re et 2\u00e8me doses) s\u2019\u00e9l\u00e8ve \u00e0 17.371.392, a pr\u00e9cis\u00e9 le minist\u00e8re dans son bulletin quotidien sur la situation \u00e9pid\u00e9miologique Covid-19.<\/p>\n<p>Le nouveau bilan porte \u00e0 915.835 le nombre total des contaminations depuis le premier cas signal\u00e9 au Maroc en mars 2020. Le nombre des personnes r\u00e9tablies est pass\u00e9 \u00e0 876.600, soit un taux de gu\u00e9rison de 95,7%.<\/p>\n<p>Les nouvelles contaminations ont \u00e9t\u00e9 recens\u00e9es dans les r\u00e9gions de Rabat-Sal\u00e9-K\u00e9nitra (844), Casablanca-Settat (746), Tanger-T\u00e9touan-Al Hoceima (268), l\u2019Oriental (168), F\u00e8s-Mekn\u00e8s (92), B\u00e9ni Mellal-Kh\u00e9nifra (83), Marrakech-Safi (58), La\u00e2youne-Sakia-El Hamra (39), Souss-Massa (39), Dr\u00e2a-Tafilalet (29), Guelmim-Oued Noun (23) et Dakhla-Oued Eddahab (23).<\/p>\n<p>Quant aux d\u00e9c\u00e8s, leur nombre total est pass\u00e9 \u00e0 13.828 (l\u00e9talit\u00e9 1,5%), avec 53 nouveaux cas enregistr\u00e9s dans les r\u00e9gions de Rabat-Sal\u00e9-K\u00e9nitra (10), Tanger-T\u00e9touan-Al Hoceima (9), Casablanca-Settat (7), l\u2019Oriental (6), B\u00e9ni Mellal-Kh\u00e9nifra (5), Marrakech-Safi (5), F\u00e8s-Mekn\u00e8s (3), Souss-Massa (3), Guelmim-Oued Noun (3), La\u00e2youne-Sakia El Hamra (1), et Dar\u00e2a-Tafilalet (1).<\/p>\n<p>Les cas actifs sont au nombre de 25.407, tandis que les cas s\u00e9v\u00e8res ou critiques ont atteint 1.484, dont 52 plac\u00e9s sous intubation.<\/p>\n<p>The post <a rel=\"nofollow\" href=\"http:\/\/www.mapmarrakech.ma\/fr\/2-412-cas-plus-de-173-millions-de-personnes-completement-vaccinees\/\">2.412 cas, plus de 17,3 millions de personnes compl\u00e8tement vaccin\u00e9es<\/a> appeared first on <a rel=\"nofollow\" href=\"http:\/\/www.mapmarrakech.ma\/fr\">MapMarrakech<\/a>.<\/p>\n<\/div>\n<p>Auteur: Meriem IGASS<br \/>\n<a href=\"http:\/\/www.mapmarrakech.ma\/fr\/2-412-cas-plus-de-173-millions-de-personnes-completement-vaccinees\/\">Cliquez ici pour lire l&rsquo;article depuis sa source.<\/a><\/p>\n","protected":false},"excerpt":{"rendered":"<p>Le nombre de primo-vaccin\u00e9s a atteint 20.930.915 alors que celui des personnes compl\u00e8tement vaccin\u00e9es (1\u00e8re et 2\u00e8me doses) s\u2019\u00e9l\u00e8ve \u00e0 17.371.392, a pr\u00e9cis\u00e9 le minist\u00e8re dans son bulletin quotidien sur la situation \u00e9pid\u00e9miologique Covid-19. Le nouveau bilan porte \u00e0 915.835 le nombre total des contaminations depuis le premier cas signal\u00e9 au Maroc en mars 2020. [&hellip;]<\/p>\n","protected":false},"author":1788,"featured_media":0,"comment_status":"closed","ping_status":"closed","sticky":false,"template":"","format":"standard","meta":{"fifu_image_url":"http:\/\/www.mapmarrakech.ma\/map\/uploads\/2021\/09\/cov-fr-7.jpg","fifu_image_alt":"2.412 cas, plus de 17,3 millions de personnes compl\u00e8tement vaccin\u00e9es","footnotes":""},"categories":[54,76],"tags":[],"class_list":["post-127408","post","type-post","status-publish","format-standard","hentry","category-maroc","category-regions"],"_links":{"self":[{"href":"https:\/\/linitiative.ca\/International\/wp-json\/wp\/v2\/posts\/127408","targetHints":{"allow":["GET"]}}],"collection":[{"href":"https:\/\/linitiative.ca\/International\/wp-json\/wp\/v2\/posts"}],"about":[{"href":"https:\/\/linitiative.ca\/International\/wp-json\/wp\/v2\/types\/post"}],"author":[{"embeddable":true,"href":"https:\/\/linitiative.ca\/International\/wp-json\/wp\/v2\/users\/1788"}],"replies":[{"embeddable":true,"href":"https:\/\/linitiative.ca\/International\/wp-json\/wp\/v2\/comments?post=127408"}],"version-history":[{"count":0,"href":"https:\/\/linitiative.ca\/International\/wp-json\/wp\/v2\/posts\/127408\/revisions"}],"wp:attachment":[{"href":"https:\/\/linitiative.ca\/International\/wp-json\/wp\/v2\/media?parent=127408"}],"wp:term":[{"taxonomy":"category","embeddable":true,"href":"https:\/\/linitiative.ca\/International\/wp-json\/wp\/v2\/categories?post=127408"},{"taxonomy":"post_tag","embeddable":true,"href":"https:\/\/linitiative.ca\/International\/wp-json\/wp\/v2\/tags?post=127408"}],"curies":[{"name":"wp","href":"https:\/\/api.w.org\/{rel}","templated":true}]}}