{"id":127411,"date":"2021-09-17T18:56:05","date_gmt":"2021-09-17T22:56:05","guid":{"rendered":"https:\/\/linitiative.ca\/International\/beja-photos-larmee-nationale-poursuit-sa-campagne-intensive-de-vaccination-a-nefza\/"},"modified":"2021-09-17T18:56:05","modified_gmt":"2021-09-17T22:56:05","slug":"beja-photos-larmee-nationale-poursuit-sa-campagne-intensive-de-vaccination-a-nefza","status":"publish","type":"post","link":"https:\/\/linitiative.ca\/International\/beja-photos-larmee-nationale-poursuit-sa-campagne-intensive-de-vaccination-a-nefza\/","title":{"rendered":"B\u00e9ja [photos] : L\u2019Arm\u00e9e nationale poursuit sa campagne intensive de vaccination \u00e0 Nefza"},"content":{"rendered":"<div>\n<p>Pour la deuxi\u00e8me journ\u00e9e cons\u00e9cutive, les services de la sant\u00e9 militaire, en coop\u00e9ration avec le D\u00e9partement R\u00e9gional de la sant\u00e9 de B\u00e9ja, ont poursuivi une campagne de vaccination intensive anti Covid-19, des habitants de la d\u00e9l\u00e9gation de Nefza du gouvernorat de B\u00e9ja. Dans une d\u00e9claration au correspondant de Tunisienumerique dans la r\u00e9gion, une source m\u00e9dicale [\u2026]<\/p>\n<p>L\u2019article <a href=\"https:\/\/www.tunisienumerique.com\/beja-photos-larmee-nationale-poursuit-sa-campagne-intensive-de-vaccination-a-nefza\/\">B\u00e9ja [photos] : L\u2019Arm\u00e9e nationale poursuit sa campagne intensive de vaccination \u00e0 Nefza<\/a> est apparu en premier sur <a href=\"https:\/\/www.tunisienumerique.com\/\">Tunisie<\/a>.<\/p>\n<\/div>\n<p>Auteur: rania ben slimane<br \/>\n<a href=\"https:\/\/www.tunisienumerique.com\/beja-photos-larmee-nationale-poursuit-sa-campagne-intensive-de-vaccination-a-nefza\/\">Cliquez ici pour lire l&rsquo;article depuis sa source.<\/a><\/p>\n","protected":false},"excerpt":{"rendered":"<p>Pour la deuxi\u00e8me journ\u00e9e cons\u00e9cutive, les services de la sant\u00e9 militaire, en coop\u00e9ration avec le D\u00e9partement R\u00e9gional de la sant\u00e9 de B\u00e9ja, ont poursuivi une campagne de vaccination intensive anti Covid-19, des habitants de la d\u00e9l\u00e9gation de Nefza du gouvernorat de B\u00e9ja. Dans une d\u00e9claration au correspondant de Tunisienumerique dans la r\u00e9gion, une source m\u00e9dicale [&hellip;]<\/p>\n","protected":false},"author":1789,"featured_media":0,"comment_status":"closed","ping_status":"closed","sticky":false,"template":"","format":"standard","meta":{"fifu_image_url":"","fifu_image_alt":"","footnotes":""},"categories":[73,55],"tags":[],"class_list":["post-127411","post","type-post","status-publish","format-standard","hentry","category-actualite","category-tunisie"],"_links":{"self":[{"href":"https:\/\/linitiative.ca\/International\/wp-json\/wp\/v2\/posts\/127411","targetHints":{"allow":["GET"]}}],"collection":[{"href":"https:\/\/linitiative.ca\/International\/wp-json\/wp\/v2\/posts"}],"about":[{"href":"https:\/\/linitiative.ca\/International\/wp-json\/wp\/v2\/types\/post"}],"author":[{"embeddable":true,"href":"https:\/\/linitiative.ca\/International\/wp-json\/wp\/v2\/users\/1789"}],"replies":[{"embeddable":true,"href":"https:\/\/linitiative.ca\/International\/wp-json\/wp\/v2\/comments?post=127411"}],"version-history":[{"count":0,"href":"https:\/\/linitiative.ca\/International\/wp-json\/wp\/v2\/posts\/127411\/revisions"}],"wp:attachment":[{"href":"https:\/\/linitiative.ca\/International\/wp-json\/wp\/v2\/media?parent=127411"}],"wp:term":[{"taxonomy":"category","embeddable":true,"href":"https:\/\/linitiative.ca\/International\/wp-json\/wp\/v2\/categories?post=127411"},{"taxonomy":"post_tag","embeddable":true,"href":"https:\/\/linitiative.ca\/International\/wp-json\/wp\/v2\/tags?post=127411"}],"curies":[{"name":"wp","href":"https:\/\/api.w.org\/{rel}","templated":true}]}}