{"id":127412,"date":"2021-09-17T16:17:41","date_gmt":"2021-09-17T20:17:41","guid":{"rendered":"https:\/\/linitiative.ca\/International\/oriental-aeronautique-une-campagne-de-recrutement-de-300-jeunes-diplomes\/"},"modified":"2021-09-17T16:17:41","modified_gmt":"2021-09-17T20:17:41","slug":"oriental-aeronautique-une-campagne-de-recrutement-de-300-jeunes-diplomes","status":"publish","type":"post","link":"https:\/\/linitiative.ca\/International\/oriental-aeronautique-une-campagne-de-recrutement-de-300-jeunes-diplomes\/","title":{"rendered":"Oriental\/a\u00e9ronautique: Une campagne de recrutement de 300 jeunes dipl\u00f4m\u00e9s"},"content":{"rendered":"<div>\n<div style=\"margin-bottom:20px;\"><img loading=\"lazy\" decoding=\"async\" width=\"750\" height=\"430\" src=\"https:\/\/linitiative.ca\/International\/wp-content\/uploads\/sites\/23\/2021\/09\/Le-Centre-rC3A9gional-dE28099investissement-de-lE28099Oriental-M750C397430-MAP.jpg\" class=\"attachment-post-thumbnail size-post-thumbnail wp-post-image\" alt=\"\" srcset=\"https:\/\/linitiative.ca\/International\/wp-content\/uploads\/sites\/23\/2021\/09\/Le-Centre-rC3A9gional-dE28099investissement-de-lE28099Oriental-M750C397430-MAP.jpg 750w, http:\/\/www.mapoujda.ma\/map\/uploads\/2020\/05\/Le-Centre-r\u00e9gional-d\u2019investissement-de-l\u2019Oriental-M750\u00d7430-MAP-300x172.jpg 300w\" sizes=\"auto, (max-width: 750px) 100vw, 750px\"><\/div>\n<div>\n<p style=\"text-align: justify;\">L\u2019Institut marocain des m\u00e9tiers de l\u2019a\u00e9ronautique (IMA) a lanc\u00e9 une campagne de s\u00e9lection de 300 jeunes dipl\u00f4m\u00e9s, dans la R\u00e9gion de l\u2019Oriental, afin de r\u00e9pondre aux besoins de recrutement des industriels du secteur a\u00e9ronautique \u00e0 l\u2019\u00e9chelle nationale.<\/p>\n<p style=\"text-align: justify;\">Selon un communiqu\u00e9 du Centre r\u00e9gional d\u2019investissement (CRI) de l\u2019Oriental, cette campagne cible des dipl\u00f4m\u00e9(e)s, techniciens ou techniciens sp\u00e9cialis\u00e9s, dans des fili\u00e8res bien sp\u00e9cifiques telles que l\u2019ajustage, la fabrication m\u00e9canique, les mat\u00e9riaux composites, l\u2019\u00e9lectrom\u00e9canique, la construction m\u00e9tallique, la m\u00e9catronique, le traitement de surface ou encore la maintenance des machines-outils.<\/p>\n<p style=\"text-align: justify;\">Cette initiative intervient dans le sillage de la forte croissance que conna\u00eet le secteur de l\u2019a\u00e9ronautique depuis de nombreuses ann\u00e9es au Maroc, rel\u00e8ve le communiqu\u00e9, pr\u00e9cisant que les candidats retenus b\u00e9n\u00e9ficieront d\u2019une formation de 4 \u00e0 6 mois selon les fili\u00e8res, d\u00e9bouchant sur la signature d\u2019un contrat d\u2019embauche.<\/p>\n<p style=\"text-align: justify;\">Ainsi, l\u2019Agence nationale de promotion de l\u2019emploi et des comp\u00e9tences (ANAPEC) lancera incessamment une op\u00e9ration de recrutement imm\u00e9diat au profit de ces jeunes, affirme la m\u00eame source.<\/p>\n<p style=\"text-align: justify;\">A cet effet, le Wali de la r\u00e9gion de l\u2019Oriental, gouverneur de la pr\u00e9fecture d\u2019Oujda-Angad, Mouad El Jamai, accompagn\u00e9 du directeur g\u00e9n\u00e9ral du CRI de l\u2019Oriental, Mohamed Sabri, a tenu une r\u00e9union, vendredi \u00e0 Oujda, avec Patrick M\u00e9nager, directeur g\u00e9n\u00e9ral de l\u2019IMA.<\/p>\n<p style=\"text-align: justify;\">Cet institut est sp\u00e9cialis\u00e9 dans les formations d\u00e9di\u00e9es aux m\u00e9tiers de la construction a\u00e9ronautique et pilot\u00e9 par le Groupement des industries marocaines a\u00e9ronautiques et spatiales (GIMAS), rappelle le CRI.<\/p>\n<p style=\"text-align: justify;\">Lors de cette entrevue, M. El Jamai a remerci\u00e9 le directeur g\u00e9n\u00e9ral de l\u2019IMA pour sa confiance t\u00e9moign\u00e9e \u00e0 l\u2019\u00e9gard de la r\u00e9gion de l\u2019Oriental et de la qualit\u00e9 de son capital humain.<\/p>\n<p style=\"text-align: justify;\">Il a \u00e9galement confirm\u00e9 l\u2019engagement de la Wilaya de la r\u00e9gion de l\u2019Oriental et de l\u2019ensemble des parties prenantes de la r\u00e9gion, notamment l\u2019Universit\u00e9 Mohammed Premier, l\u2019ANAPEC, l\u2019Office de la formation professionnelle et de la promotion du travail (OFPPT) et l\u2019Initiative nationale pour le d\u00e9veloppement humain (INDH), \u00e0 accompagner l\u2019IMA dans l\u2019accomplissement de cette mission qui permettra de favoriser la cr\u00e9ation d\u2019emplois pour les jeunes de la r\u00e9gion de l\u2019Oriental, poursuit le communiqu\u00e9.<\/p>\n<\/div>\n<p>L\u2019article <a rel=\"nofollow\" href=\"http:\/\/www.mapoujda.ma\/fr\/oriental-aeronautique-une-campagne-de-recrutement-de-300-jeunes-diplomes\/\">Oriental\/a\u00e9ronautique: Une campagne de recrutement de 300 jeunes dipl\u00f4m\u00e9s<\/a> est apparu en premier sur <a rel=\"nofollow\" href=\"http:\/\/www.mapoujda.ma\/fr\">MapOujda<\/a>.<\/p>\n<\/div>\n<p>Auteur: Soufiane ELAHMAR<br \/>\n<a href=\"http:\/\/www.mapoujda.ma\/fr\/oriental-aeronautique-une-campagne-de-recrutement-de-300-jeunes-diplomes\/\">Cliquez ici pour lire l&rsquo;article depuis sa source.<\/a><\/p>\n","protected":false},"excerpt":{"rendered":"<p>L\u2019Institut marocain des m\u00e9tiers de l\u2019a\u00e9ronautique (IMA) a lanc\u00e9 une campagne de s\u00e9lection de 300 jeunes dipl\u00f4m\u00e9s, dans la R\u00e9gion de l\u2019Oriental, afin de r\u00e9pondre aux besoins de recrutement des industriels du secteur a\u00e9ronautique \u00e0 l\u2019\u00e9chelle nationale. Selon un communiqu\u00e9 du Centre r\u00e9gional d\u2019investissement (CRI) de l\u2019Oriental, cette campagne cible des dipl\u00f4m\u00e9(e)s, techniciens ou techniciens [&hellip;]<\/p>\n","protected":false},"author":1788,"featured_media":0,"comment_status":"closed","ping_status":"closed","sticky":false,"template":"","format":"standard","meta":{"fifu_image_url":"http:\/\/www.mapoujda.ma\/map\/uploads\/2020\/05\/Le-Centre-r\u00e9gional-d\u2019investissement-de-l\u2019Oriental-M750\u00d7430-MAP.jpg","fifu_image_alt":"Oriental\/a\u00e9ronautique: Une campagne de recrutement de 300 jeunes dipl\u00f4m\u00e9s","footnotes":""},"categories":[54,76],"tags":[],"class_list":["post-127412","post","type-post","status-publish","format-standard","hentry","category-maroc","category-regions"],"_links":{"self":[{"href":"https:\/\/linitiative.ca\/International\/wp-json\/wp\/v2\/posts\/127412","targetHints":{"allow":["GET"]}}],"collection":[{"href":"https:\/\/linitiative.ca\/International\/wp-json\/wp\/v2\/posts"}],"about":[{"href":"https:\/\/linitiative.ca\/International\/wp-json\/wp\/v2\/types\/post"}],"author":[{"embeddable":true,"href":"https:\/\/linitiative.ca\/International\/wp-json\/wp\/v2\/users\/1788"}],"replies":[{"embeddable":true,"href":"https:\/\/linitiative.ca\/International\/wp-json\/wp\/v2\/comments?post=127412"}],"version-history":[{"count":0,"href":"https:\/\/linitiative.ca\/International\/wp-json\/wp\/v2\/posts\/127412\/revisions"}],"wp:attachment":[{"href":"https:\/\/linitiative.ca\/International\/wp-json\/wp\/v2\/media?parent=127412"}],"wp:term":[{"taxonomy":"category","embeddable":true,"href":"https:\/\/linitiative.ca\/International\/wp-json\/wp\/v2\/categories?post=127412"},{"taxonomy":"post_tag","embeddable":true,"href":"https:\/\/linitiative.ca\/International\/wp-json\/wp\/v2\/tags?post=127412"}],"curies":[{"name":"wp","href":"https:\/\/api.w.org\/{rel}","templated":true}]}}