{"id":127414,"date":"2021-09-17T19:09:47","date_gmt":"2021-09-17T23:09:47","guid":{"rendered":"https:\/\/linitiative.ca\/International\/algerie-lancien-president-abdelaziz-bouteflika-nest-plus\/"},"modified":"2021-09-17T19:09:47","modified_gmt":"2021-09-17T23:09:47","slug":"algerie-lancien-president-abdelaziz-bouteflika-nest-plus","status":"publish","type":"post","link":"https:\/\/linitiative.ca\/International\/algerie-lancien-president-abdelaziz-bouteflika-nest-plus\/","title":{"rendered":"Alg\u00e9rie : L\u2019ancien pr\u00e9sident Abdelaziz Bouteflika n\u2019est plus"},"content":{"rendered":"<div>\n<p>La pr\u00e9sidence alg\u00e9rienne a annonc\u00e9 ce vendredi soir 17 septembre 2021, le d\u00e9c\u00e8s de l\u2019ex pr\u00e9sident alg\u00e9rien, Abdelaziz Bouteflika \u00e0 l\u2019\u00e2ge de 84 ans. Il convient de noter que l\u2019homme d\u2019Etat a pr\u00e9sid\u00e9 l\u2019Alg\u00e9rie de 1999 jusqu\u2019\u00e0 2019. Il \u00e9tait le 7\u00e8me pr\u00e9sident de l\u2019Alg\u00e9rie. Que Dieu lui accorde sa mis\u00e9ricorde.<\/p>\n<p>L\u2019article <a href=\"https:\/\/www.tunisienumerique.com\/algerie-lancien-president-abdelaziz-bouteflika-nest-plus\/\">Alg\u00e9rie : L\u2019ancien pr\u00e9sident Abdelaziz Bouteflika n\u2019est plus<\/a> est apparu en premier sur <a href=\"https:\/\/www.tunisienumerique.com\/\">Tunisie<\/a>.<\/p>\n<\/div>\n<p>Auteur: rania ben slimane<br \/>\n<a href=\"https:\/\/www.tunisienumerique.com\/algerie-lancien-president-abdelaziz-bouteflika-nest-plus\/\">Cliquez ici pour lire l&rsquo;article depuis sa source.<\/a><\/p>\n","protected":false},"excerpt":{"rendered":"<p>La pr\u00e9sidence alg\u00e9rienne a annonc\u00e9 ce vendredi soir 17 septembre 2021, le d\u00e9c\u00e8s de l\u2019ex pr\u00e9sident alg\u00e9rien, Abdelaziz Bouteflika \u00e0 l\u2019\u00e2ge de 84 ans. Il convient de noter que l\u2019homme d\u2019Etat a pr\u00e9sid\u00e9 l\u2019Alg\u00e9rie de 1999 jusqu\u2019\u00e0 2019. Il \u00e9tait le 7\u00e8me pr\u00e9sident de l\u2019Alg\u00e9rie. Que Dieu lui accorde sa mis\u00e9ricorde. L\u2019article Alg\u00e9rie : L\u2019ancien [&hellip;]<\/p>\n","protected":false},"author":1789,"featured_media":0,"comment_status":"closed","ping_status":"closed","sticky":false,"template":"","format":"standard","meta":{"fifu_image_url":"","fifu_image_alt":"","footnotes":""},"categories":[73,55],"tags":[],"class_list":["post-127414","post","type-post","status-publish","format-standard","hentry","category-actualite","category-tunisie"],"_links":{"self":[{"href":"https:\/\/linitiative.ca\/International\/wp-json\/wp\/v2\/posts\/127414","targetHints":{"allow":["GET"]}}],"collection":[{"href":"https:\/\/linitiative.ca\/International\/wp-json\/wp\/v2\/posts"}],"about":[{"href":"https:\/\/linitiative.ca\/International\/wp-json\/wp\/v2\/types\/post"}],"author":[{"embeddable":true,"href":"https:\/\/linitiative.ca\/International\/wp-json\/wp\/v2\/users\/1789"}],"replies":[{"embeddable":true,"href":"https:\/\/linitiative.ca\/International\/wp-json\/wp\/v2\/comments?post=127414"}],"version-history":[{"count":0,"href":"https:\/\/linitiative.ca\/International\/wp-json\/wp\/v2\/posts\/127414\/revisions"}],"wp:attachment":[{"href":"https:\/\/linitiative.ca\/International\/wp-json\/wp\/v2\/media?parent=127414"}],"wp:term":[{"taxonomy":"category","embeddable":true,"href":"https:\/\/linitiative.ca\/International\/wp-json\/wp\/v2\/categories?post=127414"},{"taxonomy":"post_tag","embeddable":true,"href":"https:\/\/linitiative.ca\/International\/wp-json\/wp\/v2\/tags?post=127414"}],"curies":[{"name":"wp","href":"https:\/\/api.w.org\/{rel}","templated":true}]}}