{"id":127415,"date":"2021-09-17T13:00:00","date_gmt":"2021-09-17T17:00:00","guid":{"rendered":"https:\/\/linitiative.ca\/International\/azemmour-deux-nouveaux-suspects-arretes-dans-laffaire-du-grand-taxi-vole\/"},"modified":"2021-09-17T13:00:00","modified_gmt":"2021-09-17T17:00:00","slug":"azemmour-deux-nouveaux-suspects-arretes-dans-laffaire-du-grand-taxi-vole","status":"publish","type":"post","link":"https:\/\/linitiative.ca\/International\/azemmour-deux-nouveaux-suspects-arretes-dans-laffaire-du-grand-taxi-vole\/","title":{"rendered":"Azemmour : Deux nouveaux suspects arr\u00eat\u00e9s dans l\u2019affaire du grand taxi vol\u00e9"},"content":{"rendered":"<div>\n<p><img decoding=\"async\" width=\"300\" height=\"153\" src=\"https:\/\/linitiative.ca\/International\/wp-content\/uploads\/sites\/23\/2021\/09\/Grand-Taxi-300x153-1.jpg\" class=\"attachment-medium size-medium wp-post-image\" alt=\"\" loading=\"lazy\" srcset=\"\/\/aujourdhui.ma\/wp-content\/uploads\/2021\/01\/Grand-Taxi-300x153.jpg 300w, \/\/aujourdhui.ma\/wp-content\/uploads\/2021\/01\/Grand-Taxi-274x140.jpg 274w, \/\/aujourdhui.ma\/wp-content\/uploads\/2021\/01\/Grand-Taxi.jpg 746w, \/\/aujourdhui.ma\/wp-content\/uploads\/2021\/01\/Grand-Taxi-165x84.jpg 165w, \/\/aujourdhui.ma\/wp-content\/uploads\/2021\/01\/Grand-Taxi-702x358.jpg 702w\" sizes=\"auto, (max-width: 300px) 100vw, 300px\"><\/p>\n<p><strong>Apr\u00e8s l\u2019arrestation d\u2019un malfrat dans l\u2019affaire du vol du grand taxi \u00e0 Azemmour (cf. notre \u00e9dition n\u00b04990 du jeudi 16 septembre 2021), les \u00e9l\u00e9ments de la police judiciaire sont arriv\u00e9s \u00e0 mettre la main sur deux autres suspects impliqu\u00e9s dans cette affaire qui a mis en \u00e9moi les chauffeurs de taxis.<\/strong><span id=\"more-386941\"><\/span><\/p>\n<p>C\u2019est ce qu\u2019on a appris d\u2019un communiqu\u00e9 rendu public par la Direction g\u00e9n\u00e9rale de la S\u00fbret\u00e9 nationale qui a pr\u00e9cis\u00e9 que les trois suspects sont \u00e2g\u00e9s respectivement de dix-huit, vingt-deux et vingt- trois ans. Ce trio qui s\u2019adonnait \u00e9galement au trafic de drogue s\u2019est fait passer pour des voyageurs. Sous la menace d\u2019armes blanches, ces malfaiteurs ont oblig\u00e9 le chauffeur de taxi \u00e0 abandonner le v\u00e9hicule et la recette, a ajout\u00e9 la m\u00eame source tout en pr\u00e9cisant que lors de l\u2019intervention polici\u00e8re le trio qui \u00e9tait dans un \u00e9tat d\u2019ivresse a refus\u00e9 d\u2019obtemp\u00e9rer et a manifest\u00e9 une r\u00e9sistance violente. Arr\u00eat\u00e9s, les limiers ont trouv\u00e9 sur eux deux plaques de haschich et une \u00e9p\u00e9e.<\/p>\n<\/div>\n<p>Auteur: Abderrafii ALOUMLIKI<br \/>\n<a href=\"https:\/\/aujourdhui.ma\/faits-divers\/azemmour-deux-nouveaux-suspects-arretes-dans-laffaire-du-grand-taxi-vole\">Cliquez ici pour lire l&rsquo;article depuis sa source.<\/a><\/p>\n","protected":false},"excerpt":{"rendered":"<p>Apr\u00e8s l\u2019arrestation d\u2019un malfrat dans l\u2019affaire du vol du grand taxi \u00e0 Azemmour (cf. notre \u00e9dition n\u00b04990 du jeudi 16 septembre 2021), les \u00e9l\u00e9ments de la police judiciaire sont arriv\u00e9s \u00e0 mettre la main sur deux autres suspects impliqu\u00e9s dans cette affaire qui a mis en \u00e9moi les chauffeurs de taxis. C\u2019est ce qu\u2019on a [&hellip;]<\/p>\n","protected":false},"author":1759,"featured_media":0,"comment_status":"closed","ping_status":"closed","sticky":false,"template":"","format":"standard","meta":{"fifu_image_url":"https:\/\/aujourdhui.ma\/wp-content\/uploads\/2021\/01\/Grand-Taxi-300x153.jpg","fifu_image_alt":"Azemmour : Deux nouveaux suspects arr\u00eat\u00e9s dans l\u2019affaire du grand taxi vol\u00e9","footnotes":""},"categories":[73,54],"tags":[],"class_list":["post-127415","post","type-post","status-publish","format-standard","hentry","category-actualite","category-maroc"],"_links":{"self":[{"href":"https:\/\/linitiative.ca\/International\/wp-json\/wp\/v2\/posts\/127415","targetHints":{"allow":["GET"]}}],"collection":[{"href":"https:\/\/linitiative.ca\/International\/wp-json\/wp\/v2\/posts"}],"about":[{"href":"https:\/\/linitiative.ca\/International\/wp-json\/wp\/v2\/types\/post"}],"author":[{"embeddable":true,"href":"https:\/\/linitiative.ca\/International\/wp-json\/wp\/v2\/users\/1759"}],"replies":[{"embeddable":true,"href":"https:\/\/linitiative.ca\/International\/wp-json\/wp\/v2\/comments?post=127415"}],"version-history":[{"count":0,"href":"https:\/\/linitiative.ca\/International\/wp-json\/wp\/v2\/posts\/127415\/revisions"}],"wp:attachment":[{"href":"https:\/\/linitiative.ca\/International\/wp-json\/wp\/v2\/media?parent=127415"}],"wp:term":[{"taxonomy":"category","embeddable":true,"href":"https:\/\/linitiative.ca\/International\/wp-json\/wp\/v2\/categories?post=127415"},{"taxonomy":"post_tag","embeddable":true,"href":"https:\/\/linitiative.ca\/International\/wp-json\/wp\/v2\/tags?post=127415"}],"curies":[{"name":"wp","href":"https:\/\/api.w.org\/{rel}","templated":true}]}}