{"id":127416,"date":"2021-09-17T18:25:35","date_gmt":"2021-09-17T22:25:35","guid":{"rendered":"https:\/\/linitiative.ca\/International\/lex-president-abdelaziz-bouteflika-nest-plus\/"},"modified":"2021-09-17T18:25:35","modified_gmt":"2021-09-17T22:25:35","slug":"lex-president-abdelaziz-bouteflika-nest-plus","status":"publish","type":"post","link":"https:\/\/linitiative.ca\/International\/lex-president-abdelaziz-bouteflika-nest-plus\/","title":{"rendered":"L\u2019ex pr\u00e9sident Abdelaziz Bouteflika n\u2019est plus"},"content":{"rendered":"<div>\n<div class=\"sriret\"><img loading=\"lazy\" decoding=\"async\" width=\"631\" height=\"401\" src=\"https:\/\/linitiative.ca\/International\/wp-content\/uploads\/sites\/23\/2021\/09\/boutef2-e1560764906585.jpg\" class=\"attachment-featured_large size-featured_large wp-post-image\" alt=\"\" style=\"margin-bottom: 15px;\" srcset=\"https:\/\/linitiative.ca\/International\/wp-content\/uploads\/sites\/23\/2021\/09\/boutef2-e1560764906585.jpg 631w, https:\/\/www.elwatan.com\/wp-content\/uploads\/2019\/06\/boutef2-e1560764906585-300x191.jpg 300w\" sizes=\"auto, (max-width: 631px) 100vw, 631px\"><\/div>\n<div class=\"l60d2q6s d1544ag0 sj5x9vvc tw6a2znq l9j0dhe7 ni8dbmo4 stjgntxs e72ty7fz qlfml3jp jinzq4gt mrjvor2e jm1wdb64 qv66sw1b ljqsnud1 nqmqzb3c tkr6xdv7 rq0escxv k4urcfbm\" role=\"none\">\n<div class=\"rq0escxv l9j0dhe7 du4w35lb __fb-light-mode\" role=\"none\">\n<p class=\"oo9gr5id ii04i59q\" dir=\"auto\" role=\"none\">L\u2019ancien Pr\u00e9sident de la r\u00e9publique, Abdelaziz Bouteflika est d\u00e9c\u00e9d\u00e9 aujourd\u2019hui vendredi 17 septembre vers 21h des suites de sa ma maladie \u00e0 l\u2019\u00e2ge de 84 ans, a indiqu\u00e9 la Pr\u00e9sidence la R\u00e9publique via l\u2019ENTV.<\/p>\n<p class=\"oo9gr5id ii04i59q\" dir=\"auto\" role=\"none\">Abdelaziz Bouteflika est n\u00e9 le 2 mars 1937 \u00e0 Oujda. Il a acc\u00e9d\u00e9 \u00e0 la t\u00eate de la pr\u00e9sidence de la R\u00e9publique le 27 avril 1999 pour se retirer le 2 avril 2019 sous la pression du mouvement citoyen, le Hirak apr\u00e8s quatre mandats de suite.<\/p>\n<div class=\"oo9gr5id ii04i59q\" dir=\"auto\" style=\"text-align: right;\" role=\"none\"><strong><em>M-F. G<\/em><\/strong><\/div>\n<\/div>\n<\/div>\n<p>L\u2019article <a rel=\"nofollow\" href=\"https:\/\/www.elwatan.com\/edition\/actualite\/le-president-abdelaziz-bouteflika-nest-plus-17-09-2021\">L\u2019ex pr\u00e9sident Abdelaziz Bouteflika n\u2019est plus<\/a> est apparu en premier sur <a rel=\"nofollow\" href=\"https:\/\/www.elwatan.com\/\">El Watan<\/a>.<\/p>\n<\/div>\n<p>Auteur: Mohand Yahiaoui<br \/>\n<a href=\"https:\/\/www.elwatan.com\/edition\/actualite\/le-president-abdelaziz-bouteflika-nest-plus-17-09-2021\">Cliquez ici pour lire l&rsquo;article depuis sa source.<\/a><\/p>\n","protected":false},"excerpt":{"rendered":"<p>L\u2019ancien Pr\u00e9sident de la r\u00e9publique, Abdelaziz Bouteflika est d\u00e9c\u00e9d\u00e9 aujourd\u2019hui vendredi 17 septembre vers 21h des suites de sa ma maladie \u00e0 l\u2019\u00e2ge de 84 ans, a indiqu\u00e9 la Pr\u00e9sidence la R\u00e9publique via l\u2019ENTV. Abdelaziz Bouteflika est n\u00e9 le 2 mars 1937 \u00e0 Oujda. Il a acc\u00e9d\u00e9 \u00e0 la t\u00eate de la pr\u00e9sidence de la [&hellip;]<\/p>\n","protected":false},"author":1743,"featured_media":0,"comment_status":"closed","ping_status":"closed","sticky":false,"template":"","format":"standard","meta":{"fifu_image_url":"https:\/\/www.elwatan.com\/wp-content\/uploads\/2019\/06\/boutef2-e1560764906585.jpg","fifu_image_alt":"L\u2019ex pr\u00e9sident Abdelaziz Bouteflika n\u2019est plus","footnotes":""},"categories":[73,53],"tags":[],"class_list":["post-127416","post","type-post","status-publish","format-standard","hentry","category-actualite","category-algerie"],"_links":{"self":[{"href":"https:\/\/linitiative.ca\/International\/wp-json\/wp\/v2\/posts\/127416","targetHints":{"allow":["GET"]}}],"collection":[{"href":"https:\/\/linitiative.ca\/International\/wp-json\/wp\/v2\/posts"}],"about":[{"href":"https:\/\/linitiative.ca\/International\/wp-json\/wp\/v2\/types\/post"}],"author":[{"embeddable":true,"href":"https:\/\/linitiative.ca\/International\/wp-json\/wp\/v2\/users\/1743"}],"replies":[{"embeddable":true,"href":"https:\/\/linitiative.ca\/International\/wp-json\/wp\/v2\/comments?post=127416"}],"version-history":[{"count":0,"href":"https:\/\/linitiative.ca\/International\/wp-json\/wp\/v2\/posts\/127416\/revisions"}],"wp:attachment":[{"href":"https:\/\/linitiative.ca\/International\/wp-json\/wp\/v2\/media?parent=127416"}],"wp:term":[{"taxonomy":"category","embeddable":true,"href":"https:\/\/linitiative.ca\/International\/wp-json\/wp\/v2\/categories?post=127416"},{"taxonomy":"post_tag","embeddable":true,"href":"https:\/\/linitiative.ca\/International\/wp-json\/wp\/v2\/tags?post=127416"}],"curies":[{"name":"wp","href":"https:\/\/api.w.org\/{rel}","templated":true}]}}