{"id":127418,"date":"2021-09-17T14:00:41","date_gmt":"2021-09-17T18:00:41","guid":{"rendered":"https:\/\/linitiative.ca\/International\/olivier-galan-la-pandemie-ne-nous-permet-pas-dinviter-des-personnalites-litteraires-et-culturelles-francaises\/"},"modified":"2021-09-17T14:00:41","modified_gmt":"2021-09-17T18:00:41","slug":"olivier-galan-la-pandemie-ne-nous-permet-pas-dinviter-des-personnalites-litteraires-et-culturelles-francaises","status":"publish","type":"post","link":"https:\/\/linitiative.ca\/International\/olivier-galan-la-pandemie-ne-nous-permet-pas-dinviter-des-personnalites-litteraires-et-culturelles-francaises\/","title":{"rendered":"Olivier Galan : \u00abLa pand\u00e9mie ne nous permet pas d\u2019inviter des personnalit\u00e9s litt\u00e9raires et culturelles fran\u00e7aises\u00bb"},"content":{"rendered":"<div>\n<p><img decoding=\"async\" width=\"300\" height=\"153\" src=\"https:\/\/linitiative.ca\/International\/wp-content\/uploads\/sites\/23\/2021\/09\/1-Olivier-Galan-Directeur-de-lInstitut-francais-IF-de-Tanger-300x153-1.jpg\" class=\"attachment-medium size-medium wp-post-image\" alt=\"\" loading=\"lazy\" srcset=\"\/\/aujourdhui.ma\/wp-content\/uploads\/2021\/09\/1-Olivier-Galan-Directeur-de-lInstitut-francais-IF-de-Tanger-300x153.jpg 300w, \/\/aujourdhui.ma\/wp-content\/uploads\/2021\/09\/1-Olivier-Galan-Directeur-de-lInstitut-francais-IF-de-Tanger-274x140.jpg 274w, \/\/aujourdhui.ma\/wp-content\/uploads\/2021\/09\/1-Olivier-Galan-Directeur-de-lInstitut-francais-IF-de-Tanger.jpg 746w, \/\/aujourdhui.ma\/wp-content\/uploads\/2021\/09\/1-Olivier-Galan-Directeur-de-lInstitut-francais-IF-de-Tanger-165x84.jpg 165w, \/\/aujourdhui.ma\/wp-content\/uploads\/2021\/09\/1-Olivier-Galan-Directeur-de-lInstitut-francais-IF-de-Tanger-702x358.jpg 702w\" sizes=\"auto, (max-width: 300px) 100vw, 300px\"><\/p>\n<p><span style=\"color: #800000; font-size: 19px;\"><strong>Entretien avec Olivier Galan Directeur de l\u2019Institut fran\u00e7ais (IF) de Tanger<\/strong><\/span><span id=\"more-386968\"><\/span><\/p>\n<p><span style=\"color: #000000;\"><strong><span style=\"color: #ff0000;\">ALM<\/span> : Quelles sont les activit\u00e9s programm\u00e9es par l\u2019IF de Tanger pour le lancement de cette saison ?<\/strong><\/span><\/p>\n<p><strong><span style=\"color: #ff0000;\">Olivier Galan<\/span> <\/strong>: En effet, cette rentr\u00e9e conna\u00eet la programmation d\u2019un ensemble d\u2019activit\u00e9s et de rendez-vous, qui sont en train de red\u00e9marrer pour les enfants et les adultes. La biblioth\u00e8que rouvrira ses portes d\u00e9but octobre. Cette rentr\u00e9e pr\u00e9voit des spectacles avec des petits formats \u00e0 destination des enfants. Nous programmons \u00e9galement des cours de langues qui red\u00e9marreront \u00e0 partir du 4 octobre. La galerie pr\u00e9sentera, elle, une belle exposition d\u2019Ernest Pignon-Ernest dans le cadre d\u2019un parcours des arts, organis\u00e9 avec 12 galeristes de Tanger.<\/p>\n<p><strong>Comment avez-vous eu l\u2019id\u00e9e du Salon du livre apr\u00e8s deux ans d\u2019absence de votre programmation ? <\/strong><br \/>\nNous n\u2019avons pas pu organiser le Salon du livre en 2020 et en 2021.<br \/>\nNous avons envisag\u00e9 de l\u2019organiser cette ann\u00e9e et en fait la pand\u00e9mie de Covid-19 ne nous permet pas aujourd\u2019hui d\u2019inviter des personnalit\u00e9s litt\u00e9raires et culturelles fran\u00e7aises et de d\u00e9ployer l\u2019ensemble des moyens comme auparavant. On a quand m\u00eame souhait\u00e9 renouer avec cette dynamique et organiser une journ\u00e9e de r\u00e9flexion litt\u00e9raire culturelle le 13 novembre avec la participation des intellectuels, des philosophes, des \u00e9crivains et des artistes.<\/p>\n<p><strong>Est-ce que ce salon garde le m\u00eame objectif que les pr\u00e9c\u00e9dentes \u00e9ditions? <\/strong><br \/>\nCet \u00e9v\u00e9nement garde ses grands objectifs d\u2019apporter cette ouverture d\u2019esprit, d\u2019\u00e9change d\u2019id\u00e9es, de r\u00e9flexion, du plaisir, de d\u00e9couverte,\u2026 Nous allons organiser une journ\u00e9e de r\u00e9flexion litt\u00e9raire culturelle, d\u2019\u00e9crivains et d\u2019artistes, mais en l\u2019absence des \u00e9diteurs et des libraires. Nous programmons trois tables rondes: une le matin et deux l\u2019apr\u00e8s-midi. Le th\u00e8me de la premi\u00e8re table ronde portera sur la culture en p\u00e9riode de Covid-19, sur les incidences de la pand\u00e9mie et comment s\u2019y r\u00e9adapter. Le deuxi\u00e8me th\u00e8me portera sur la soci\u00e9t\u00e9 dans la pand\u00e9mie avec les probl\u00e8mes \u00e9conomiques et de mobilit\u00e9 en cette p\u00e9riode extr\u00eame et le troisi\u00e8me th\u00e8me sur l\u2019apr\u00e8s-pand\u00e9mie avec les le\u00e7ons tir\u00e9es et des questions soulev\u00e9es suite \u00e0 ce bouleversement. Nous proposons de petits spectacles entre ces tables rondes et qui seront destin\u00e9s \u00e0 tout le public.<\/p>\n<p><strong>Etes-vous satisfaits de la pr\u00e9sence de l\u2019IF dans la r\u00e9gion du Nord ? <\/strong><br \/>\nNous sommes tr\u00e8s pr\u00e9sents \u00e0 Tanger et T\u00e9touan et nous donnons des cours \u00e0 Al Hoceima et \u00e0 Larache. Le fran\u00e7ais reste une langue tr\u00e8s pr\u00e9sente et de plus en plus d\u00e9velopp\u00e9e dans la r\u00e9gion. Nous travaillons avec les acteurs locaux, les institutions et des associations. Donc nous contribuons \u00e0 faire aimer la langue, la culture, nos valeurs dans une relation de r\u00e9ciprocit\u00e9.<\/p>\n<p><strong>Quels sont les nouveaux partenariats conclus par l\u2019IF de Tanger dans le domaine \u00e9ducatif ?<\/strong><br \/>\nNous avons sign\u00e9, cette ann\u00e9e, une convention pluriannuelle avec l\u2019Acad\u00e9mie r\u00e9gionale d\u2019\u00e9ducation et de formation (AREF) de Tanger-T\u00e9touan-Al Hoceima portant sur la formation d\u2019enseignants et d\u2019\u00e9ducateurs pour l\u2019apprentissage et une meilleure ma\u00eetrise du fran\u00e7ais. Nous travaillons d\u00e9j\u00e0 beaucoup avec l\u2019universit\u00e9, les \u00e9coles, l\u2019Institut national des beaux arts, l\u2019Ecole nationale d\u2019architecture de T\u00e9touan, \u2026 avec qui nous avons des liens forts et sommes en relation continue avec l\u2019organisation des d\u00e9bats et des formations \u00e0 destination des \u00e9l\u00e8ves.<\/p>\n<\/div>\n<p>Auteur: Najat Fa\u00efssal<br \/>\n<a href=\"https:\/\/aujourdhui.ma\/culture\/olivier-galan-la-pandemie-ne-nous-permet-pas-dinviter-des-personnalites-litteraires-et-culturelles-francaises\">Cliquez ici pour lire l&rsquo;article depuis sa source.<\/a><\/p>\n","protected":false},"excerpt":{"rendered":"<p>Entretien avec Olivier Galan Directeur de l\u2019Institut fran\u00e7ais (IF) de Tanger ALM : Quelles sont les activit\u00e9s programm\u00e9es par l\u2019IF de Tanger pour le lancement de cette saison ? Olivier Galan : En effet, cette rentr\u00e9e conna\u00eet la programmation d\u2019un ensemble d\u2019activit\u00e9s et de rendez-vous, qui sont en train de red\u00e9marrer pour les enfants et [&hellip;]<\/p>\n","protected":false},"author":1759,"featured_media":0,"comment_status":"closed","ping_status":"closed","sticky":false,"template":"","format":"standard","meta":{"fifu_image_url":"https:\/\/aujourdhui.ma\/wp-content\/uploads\/2021\/09\/1-Olivier-Galan-Directeur-de-lInstitut-francais-IF-de-Tanger-300x153.jpg","fifu_image_alt":"Olivier Galan : \u00abLa pand\u00e9mie ne nous permet pas d\u2019inviter des personnalit\u00e9s litt\u00e9raires et culturelles fran\u00e7aises\u00bb","footnotes":""},"categories":[73,54],"tags":[],"class_list":["post-127418","post","type-post","status-publish","format-standard","hentry","category-actualite","category-maroc"],"_links":{"self":[{"href":"https:\/\/linitiative.ca\/International\/wp-json\/wp\/v2\/posts\/127418","targetHints":{"allow":["GET"]}}],"collection":[{"href":"https:\/\/linitiative.ca\/International\/wp-json\/wp\/v2\/posts"}],"about":[{"href":"https:\/\/linitiative.ca\/International\/wp-json\/wp\/v2\/types\/post"}],"author":[{"embeddable":true,"href":"https:\/\/linitiative.ca\/International\/wp-json\/wp\/v2\/users\/1759"}],"replies":[{"embeddable":true,"href":"https:\/\/linitiative.ca\/International\/wp-json\/wp\/v2\/comments?post=127418"}],"version-history":[{"count":0,"href":"https:\/\/linitiative.ca\/International\/wp-json\/wp\/v2\/posts\/127418\/revisions"}],"wp:attachment":[{"href":"https:\/\/linitiative.ca\/International\/wp-json\/wp\/v2\/media?parent=127418"}],"wp:term":[{"taxonomy":"category","embeddable":true,"href":"https:\/\/linitiative.ca\/International\/wp-json\/wp\/v2\/categories?post=127418"},{"taxonomy":"post_tag","embeddable":true,"href":"https:\/\/linitiative.ca\/International\/wp-json\/wp\/v2\/tags?post=127418"}],"curies":[{"name":"wp","href":"https:\/\/api.w.org\/{rel}","templated":true}]}}