{"id":127434,"date":"2021-09-18T10:00:00","date_gmt":"2021-09-18T14:00:00","guid":{"rendered":"https:\/\/linitiative.ca\/International\/lalgerie-affronte-le-niger-le-8-octobre-a-blida\/"},"modified":"2021-09-18T10:00:00","modified_gmt":"2021-09-18T14:00:00","slug":"lalgerie-affronte-le-niger-le-8-octobre-a-blida","status":"publish","type":"post","link":"https:\/\/linitiative.ca\/International\/lalgerie-affronte-le-niger-le-8-octobre-a-blida\/","title":{"rendered":"L&rsquo;Alg\u00e9rie affronte le Niger le 8 octobre \u00e0 Blida"},"content":{"rendered":"<div>La F\u00e9d\u00e9ration internationale de football (FIFA) a arr\u00eat\u00e9 ce samedi la date du match Alg\u00e9rie \u2013 Niger, comptant pour le groupe A, qui aura lieu le vendredi 8 octobre 2021 \u00e0 17h00 au stade du Chahid Mustapha Tchaker, \u00e0 Blida.<\/div>\n<p>Auteur:<br \/>\n<a href=\"https:\/\/www.liberte-algerie.com\/actualite\/lalgerie-affronte-le-niger-le-8-octobre-a-blida-365161\">Cliquez ici pour lire l&rsquo;article depuis sa source.<\/a><\/p>\n","protected":false},"excerpt":{"rendered":"<p>La F\u00e9d\u00e9ration internationale de football (FIFA) a arr\u00eat\u00e9 ce samedi la date du match Alg\u00e9rie \u2013 Niger, comptant pour le groupe A, qui aura lieu le vendredi 8 octobre 2021 \u00e0 17h00 au stade du Chahid Mustapha Tchaker, \u00e0 Blida. Auteur: Cliquez ici pour lire l&rsquo;article depuis sa source.<\/p>\n","protected":false},"author":1742,"featured_media":0,"comment_status":"closed","ping_status":"closed","sticky":false,"template":"","format":"standard","meta":{"fifu_image_url":"","fifu_image_alt":"","footnotes":""},"categories":[73,53],"tags":[],"class_list":["post-127434","post","type-post","status-publish","format-standard","hentry","category-actualite","category-algerie"],"_links":{"self":[{"href":"https:\/\/linitiative.ca\/International\/wp-json\/wp\/v2\/posts\/127434","targetHints":{"allow":["GET"]}}],"collection":[{"href":"https:\/\/linitiative.ca\/International\/wp-json\/wp\/v2\/posts"}],"about":[{"href":"https:\/\/linitiative.ca\/International\/wp-json\/wp\/v2\/types\/post"}],"author":[{"embeddable":true,"href":"https:\/\/linitiative.ca\/International\/wp-json\/wp\/v2\/users\/1742"}],"replies":[{"embeddable":true,"href":"https:\/\/linitiative.ca\/International\/wp-json\/wp\/v2\/comments?post=127434"}],"version-history":[{"count":0,"href":"https:\/\/linitiative.ca\/International\/wp-json\/wp\/v2\/posts\/127434\/revisions"}],"wp:attachment":[{"href":"https:\/\/linitiative.ca\/International\/wp-json\/wp\/v2\/media?parent=127434"}],"wp:term":[{"taxonomy":"category","embeddable":true,"href":"https:\/\/linitiative.ca\/International\/wp-json\/wp\/v2\/categories?post=127434"},{"taxonomy":"post_tag","embeddable":true,"href":"https:\/\/linitiative.ca\/International\/wp-json\/wp\/v2\/tags?post=127434"}],"curies":[{"name":"wp","href":"https:\/\/api.w.org\/{rel}","templated":true}]}}